{"id":8070,"date":"2025-05-14T10:49:59","date_gmt":"2025-05-14T16:49:59","guid":{"rendered":"https:\/\/www.senadojcimexico.org\/portal\/?p=8070"},"modified":"2025-05-14T10:49:59","modified_gmt":"2025-05-14T16:49:59","slug":"conferencia-de-las-americas-roatanhonduras-2025","status":"publish","type":"post","link":"https:\/\/www.senadojcimexico.org\/portal\/conferencia-de-las-americas-roatanhonduras-2025\/","title":{"rendered":"Conferencia de las Americas Roatan,Honduras 2025"},"content":{"rendered":"<p><span class=\"_fadeIn_m1hgl_8\">Presente <\/span><span class=\"_fadeIn_m1hgl_8\">en <\/span><span class=\"_fadeIn_m1hgl_8\">la <\/span><span class=\"_fadeIn_m1hgl_8\">Conferencia <\/span><span class=\"_fadeIn_m1hgl_8\">de <\/span><span class=\"_fadeIn_m1hgl_8\">Am\u00e9rica, <\/span><span class=\"_fadeIn_m1hgl_8\">celebrada <\/span><span class=\"_fadeIn_m1hgl_8\">en <\/span><span class=\"_fadeIn_m1hgl_8\">Roat\u00e1n, <\/span><span class=\"_fadeIn_m1hgl_8\">Honduras, <\/span><span class=\"_fadeIn_m1hgl_8\">se <\/span><span class=\"_fadeIn_m1hgl_8\">destac\u00f3 <\/span><span class=\"_fadeIn_m1hgl_8\">con <\/span><span class=\"_fadeIn_m1hgl_8\">orgullo <\/span><span class=\"_fadeIn_m1hgl_8\">la <\/span><span class=\"_fadeIn_m1hgl_8\">participaci\u00f3n <\/span><span class=\"_fadeIn_m1hgl_8\">de <\/span><span class=\"_fadeIn_m1hgl_8\">M\u00e9xico, <\/span><span class=\"_fadeIn_m1hgl_8\">cuya <\/span><span class=\"_fadeIn_m1hgl_8\">representaci\u00f3n <\/span><span class=\"_fadeIn_m1hgl_8\">dej\u00f3 <\/span><span class=\"_fadeIn_m1hgl_8\">en <\/span><span class=\"_fadeIn_m1hgl_8\">alto <\/span><span class=\"_fadeIn_m1hgl_8\">el <\/span><span class=\"_fadeIn_m1hgl_8\">nombre <\/span><span class=\"_fadeIn_m1hgl_8\">del <\/span><span class=\"_fadeIn_m1hgl_8\">pa\u00eds. <\/span><span class=\"_fadeIn_m1hgl_8\">Durante <\/span><span class=\"_fadeIn_m1hgl_8\">el <\/span><span class=\"_fadeIn_m1hgl_8\">evento <\/span><span class=\"_fadeIn_m1hgl_8\">se <\/span><span class=\"_fadeIn_m1hgl_8\">fortalecieron <\/span><span class=\"_fadeIn_m1hgl_8\">significativamente <\/span><span class=\"_fadeIn_m1hgl_8\">los <\/span><span class=\"_fadeIn_m1hgl_8\">lazos <\/span><span class=\"_fadeIn_m1hgl_8\">de <\/span><span class=\"_fadeIn_m1hgl_8\">hermandad <\/span><span class=\"_fadeIn_m1hgl_8\">y <\/span><span class=\"_fadeIn_m1hgl_8\">cooperaci\u00f3n <\/span><span class=\"_fadeIn_m1hgl_8\">con <\/span><span class=\"_fadeIn_m1hgl_8\">otras <\/span><span class=\"_fadeIn_m1hgl_8\">naciones <\/span><span class=\"_fadeIn_m1hgl_8\">del <\/span><span class=\"_fadeIn_m1hgl_8\">continente, <\/span><span class=\"_fadeIn_m1hgl_8\">reafirmando <\/span><span class=\"_fadeIn_m1hgl_8\">el <\/span><span class=\"_fadeIn_m1hgl_8\">compromiso <\/span><span class=\"_fadeIn_m1hgl_8\">con <\/span><span class=\"_fadeIn_m1hgl_8\">el <\/span><span class=\"_fadeIn_m1hgl_8\">desarrollo <\/span><span class=\"_fadeIn_m1hgl_8\">conjunto <\/span><span class=\"_fadeIn_m1hgl_8\">y <\/span><span class=\"_fadeIn_m1hgl_8\">el <\/span><span class=\"_fadeIn_m1hgl_8\">intercambio <\/span><span class=\"_fadeIn_m1hgl_8\">cultural <\/span><span class=\"_fadeIn_m1hgl_8\">en <\/span><span class=\"_fadeIn_m1hgl_8\">la <\/span><span class=\"_fadeIn_m1hgl_8\">regi\u00f3n.<\/span><a href=\"https:\/\/www.senadojcimexico.org\/portal\/conferencia-de-las-americas-roatanhonduras-2025\/0345017b-eff0-4428-b8cc-4c6966fe254f\/\" rel=\"attachment wp-att-8074\"><\/p>\n<p><img loading=\"lazy\" decoding=\"async\" class=\"size-medium wp-image-8074 aligncenter\" src=\"https:\/\/www.senadojcimexico.org\/portal\/wp-content\/uploads\/2025\/05\/0345017b-eff0-4428-b8cc-4c6966fe254f-225x300.jpg\" alt=\"\" width=\"225\" height=\"300\" srcset=\"https:\/\/www.senadojcimexico.org\/portal\/wp-content\/uploads\/2025\/05\/0345017b-eff0-4428-b8cc-4c6966fe254f-225x300.jpg 225w, https:\/\/www.senadojcimexico.org\/portal\/wp-content\/uploads\/2025\/05\/0345017b-eff0-4428-b8cc-4c6966fe254f-768x1024.jpg 768w, https:\/\/www.senadojcimexico.org\/portal\/wp-content\/uploads\/2025\/05\/0345017b-eff0-4428-b8cc-4c6966fe254f-1152x1536.jpg 1152w, https:\/\/www.senadojcimexico.org\/portal\/wp-content\/uploads\/2025\/05\/0345017b-eff0-4428-b8cc-4c6966fe254f-750x1000.jpg 750w, https:\/\/www.senadojcimexico.org\/portal\/wp-content\/uploads\/2025\/05\/0345017b-eff0-4428-b8cc-4c6966fe254f.jpg 1200w\" sizes=\"auto, (max-width: 225px) 100vw, 225px\" \/><\/a><a href=\"https:\/\/www.senadojcimexico.org\/portal\/conferencia-de-las-americas-roatanhonduras-2025\/2dbb0b64-d110-43da-b72f-10155d286295\/\" rel=\"attachment wp-att-8071\"><img loading=\"lazy\" decoding=\"async\" class=\"size-medium wp-image-8071 aligncenter\" src=\"https:\/\/www.senadojcimexico.org\/portal\/wp-content\/uploads\/2025\/05\/2dbb0b64-d110-43da-b72f-10155d286295-300x225.jpg\" alt=\"\" width=\"300\" height=\"225\" srcset=\"https:\/\/www.senadojcimexico.org\/portal\/wp-content\/uploads\/2025\/05\/2dbb0b64-d110-43da-b72f-10155d286295-300x225.jpg 300w, https:\/\/www.senadojcimexico.org\/portal\/wp-content\/uploads\/2025\/05\/2dbb0b64-d110-43da-b72f-10155d286295-1024x768.jpg 1024w, https:\/\/www.senadojcimexico.org\/portal\/wp-content\/uploads\/2025\/05\/2dbb0b64-d110-43da-b72f-10155d286295-768x576.jpg 768w, https:\/\/www.senadojcimexico.org\/portal\/wp-content\/uploads\/2025\/05\/2dbb0b64-d110-43da-b72f-10155d286295-750x563.jpg 750w, https:\/\/www.senadojcimexico.org\/portal\/wp-content\/uploads\/2025\/05\/2dbb0b64-d110-43da-b72f-10155d286295.jpg 1500w\" sizes=\"auto, (max-width: 300px) 100vw, 300px\" \/><\/a> <a href=\"https:\/\/www.senadojcimexico.org\/portal\/conferencia-de-las-americas-roatanhonduras-2025\/03e67ed6-a3ac-475c-b032-7d6507df36c9\/\" rel=\"attachment wp-att-8072\"><img loading=\"lazy\" decoding=\"async\" class=\"size-medium wp-image-8072 aligncenter\" src=\"https:\/\/www.senadojcimexico.org\/portal\/wp-content\/uploads\/2025\/05\/03e67ed6-a3ac-475c-b032-7d6507df36c9-300x226.jpg\" alt=\"\" width=\"300\" height=\"226\" srcset=\"https:\/\/www.senadojcimexico.org\/portal\/wp-content\/uploads\/2025\/05\/03e67ed6-a3ac-475c-b032-7d6507df36c9-300x226.jpg 300w, https:\/\/www.senadojcimexico.org\/portal\/wp-content\/uploads\/2025\/05\/03e67ed6-a3ac-475c-b032-7d6507df36c9-1024x771.jpg 1024w, https:\/\/www.senadojcimexico.org\/portal\/wp-content\/uploads\/2025\/05\/03e67ed6-a3ac-475c-b032-7d6507df36c9-768x578.jpg 768w, https:\/\/www.senadojcimexico.org\/portal\/wp-content\/uploads\/2025\/05\/03e67ed6-a3ac-475c-b032-7d6507df36c9-1536x1156.jpg 1536w, https:\/\/www.senadojcimexico.org\/portal\/wp-content\/uploads\/2025\/05\/03e67ed6-a3ac-475c-b032-7d6507df36c9-750x564.jpg 750w, https:\/\/www.senadojcimexico.org\/portal\/wp-content\/uploads\/2025\/05\/03e67ed6-a3ac-475c-b032-7d6507df36c9.jpg 1600w\" sizes=\"auto, (max-width: 300px) 100vw, 300px\" \/><\/a> <a href=\"https:\/\/www.senadojcimexico.org\/portal\/conferencia-de-las-americas-roatanhonduras-2025\/673ec633-1bac-4d32-ab9a-5344f739ce71\/\" rel=\"attachment wp-att-8073\"><img loading=\"lazy\" decoding=\"async\" class=\"size-medium wp-image-8073 aligncenter\" src=\"https:\/\/www.senadojcimexico.org\/portal\/wp-content\/uploads\/2025\/05\/673ec633-1bac-4d32-ab9a-5344f739ce71-225x300.jpg\" alt=\"\" width=\"225\" height=\"300\" srcset=\"https:\/\/www.senadojcimexico.org\/portal\/wp-content\/uploads\/2025\/05\/673ec633-1bac-4d32-ab9a-5344f739ce71-225x300.jpg 225w, https:\/\/www.senadojcimexico.org\/portal\/wp-content\/uploads\/2025\/05\/673ec633-1bac-4d32-ab9a-5344f739ce71-768x1024.jpg 768w, https:\/\/www.senadojcimexico.org\/portal\/wp-content\/uploads\/2025\/05\/673ec633-1bac-4d32-ab9a-5344f739ce71-1152x1536.jpg 1152w, https:\/\/www.senadojcimexico.org\/portal\/wp-content\/uploads\/2025\/05\/673ec633-1bac-4d32-ab9a-5344f739ce71-750x1000.jpg 750w, https:\/\/www.senadojcimexico.org\/portal\/wp-content\/uploads\/2025\/05\/673ec633-1bac-4d32-ab9a-5344f739ce71.jpg 1200w\" sizes=\"auto, (max-width: 225px) 100vw, 225px\" \/><\/a> <a href=\"https:\/\/www.senadojcimexico.org\/portal\/conferencia-de-las-americas-roatanhonduras-2025\/152eee93-2ec2-4494-b67b-724353938370\/\" rel=\"attachment wp-att-8075\"><img loading=\"lazy\" decoding=\"async\" class=\"aligncenter size-medium wp-image-8075\" src=\"https:\/\/www.senadojcimexico.org\/portal\/wp-content\/uploads\/2025\/05\/152eee93-2ec2-4494-b67b-724353938370-225x300.jpg\" alt=\"\" width=\"225\" height=\"300\" srcset=\"https:\/\/www.senadojcimexico.org\/portal\/wp-content\/uploads\/2025\/05\/152eee93-2ec2-4494-b67b-724353938370-225x300.jpg 225w, https:\/\/www.senadojcimexico.org\/portal\/wp-content\/uploads\/2025\/05\/152eee93-2ec2-4494-b67b-724353938370-768x1024.jpg 768w, https:\/\/www.senadojcimexico.org\/portal\/wp-content\/uploads\/2025\/05\/152eee93-2ec2-4494-b67b-724353938370-1152x1536.jpg 1152w, https:\/\/www.senadojcimexico.org\/portal\/wp-content\/uploads\/2025\/05\/152eee93-2ec2-4494-b67b-724353938370-750x1000.jpg 750w, https:\/\/www.senadojcimexico.org\/portal\/wp-content\/uploads\/2025\/05\/152eee93-2ec2-4494-b67b-724353938370.jpg 1200w\" sizes=\"auto, (max-width: 225px) 100vw, 225px\" \/><\/a> <a href=\"https:\/\/www.senadojcimexico.org\/portal\/conferencia-de-las-americas-roatanhonduras-2025\/da83065f-4975-4f38-a591-48a58929ce08-1\/\" rel=\"attachment wp-att-8076\"><img loading=\"lazy\" decoding=\"async\" class=\"size-medium wp-image-8076 aligncenter\" src=\"https:\/\/www.senadojcimexico.org\/portal\/wp-content\/uploads\/2025\/05\/da83065f-4975-4f38-a591-48a58929ce08-1-225x300.jpg\" alt=\"\" width=\"225\" height=\"300\" srcset=\"https:\/\/www.senadojcimexico.org\/portal\/wp-content\/uploads\/2025\/05\/da83065f-4975-4f38-a591-48a58929ce08-1-225x300.jpg 225w, https:\/\/www.senadojcimexico.org\/portal\/wp-content\/uploads\/2025\/05\/da83065f-4975-4f38-a591-48a58929ce08-1-768x1024.jpg 768w, https:\/\/www.senadojcimexico.org\/portal\/wp-content\/uploads\/2025\/05\/da83065f-4975-4f38-a591-48a58929ce08-1-1152x1536.jpg 1152w, https:\/\/www.senadojcimexico.org\/portal\/wp-content\/uploads\/2025\/05\/da83065f-4975-4f38-a591-48a58929ce08-1-750x1000.jpg 750w, https:\/\/www.senadojcimexico.org\/portal\/wp-content\/uploads\/2025\/05\/da83065f-4975-4f38-a591-48a58929ce08-1.jpg 1200w\" sizes=\"auto, (max-width: 225px) 100vw, 225px\" \/><\/a><\/p>\n<p>&nbsp;<\/p>\n<p>&nbsp;<\/p>\n","protected":false},"excerpt":{"rendered":"<p>Presente en la Conferencia de Am\u00e9rica, celebrada en Roat\u00e1n, Honduras, se destac\u00f3 con orgullo la participaci\u00f3n de M\u00e9xico, cuya representaci\u00f3n dej\u00f3 en alto el nombre del pa\u00eds. Durante el evento se fortalecieron significativamente los lazos de hermandad y cooperaci\u00f3n con otras naciones del continente, reafirmando el compromiso con el desarrollo conjunto y el intercambio cultural &hellip; <\/p>\n<p><a class=\"more-link btn\" href=\"https:\/\/www.senadojcimexico.org\/portal\/conferencia-de-las-americas-roatanhonduras-2025\/\">Seguir leyendo<\/a><\/p>\n","protected":false},"author":8,"featured_media":0,"comment_status":"closed","ping_status":"open","sticky":false,"template":"","format":"standard","meta":{"ngg_post_thumbnail":0,"footnotes":""},"categories":[1],"tags":[],"class_list":["post-8070","post","type-post","status-publish","format-standard","hentry","category-sin-categoria","item-wrap"],"_links":{"self":[{"href":"https:\/\/www.senadojcimexico.org\/portal\/wp-json\/wp\/v2\/posts\/8070","targetHints":{"allow":["GET"]}}],"collection":[{"href":"https:\/\/www.senadojcimexico.org\/portal\/wp-json\/wp\/v2\/posts"}],"about":[{"href":"https:\/\/www.senadojcimexico.org\/portal\/wp-json\/wp\/v2\/types\/post"}],"author":[{"embeddable":true,"href":"https:\/\/www.senadojcimexico.org\/portal\/wp-json\/wp\/v2\/users\/8"}],"replies":[{"embeddable":true,"href":"https:\/\/www.senadojcimexico.org\/portal\/wp-json\/wp\/v2\/comments?post=8070"}],"version-history":[{"count":3,"href":"https:\/\/www.senadojcimexico.org\/portal\/wp-json\/wp\/v2\/posts\/8070\/revisions"}],"predecessor-version":[{"id":8079,"href":"https:\/\/www.senadojcimexico.org\/portal\/wp-json\/wp\/v2\/posts\/8070\/revisions\/8079"}],"wp:attachment":[{"href":"https:\/\/www.senadojcimexico.org\/portal\/wp-json\/wp\/v2\/media?parent=8070"}],"wp:term":[{"taxonomy":"category","embeddable":true,"href":"https:\/\/www.senadojcimexico.org\/portal\/wp-json\/wp\/v2\/categories?post=8070"},{"taxonomy":"post_tag","embeddable":true,"href":"https:\/\/www.senadojcimexico.org\/portal\/wp-json\/wp\/v2\/tags?post=8070"}],"curies":[{"name":"wp","href":"https:\/\/api.w.org\/{rel}","templated":true}]}}