{"id":8053,"date":"2025-05-08T09:32:45","date_gmt":"2025-05-08T15:32:45","guid":{"rendered":"https:\/\/www.senadojcimexico.org\/portal\/?p=8053"},"modified":"2025-05-08T09:33:27","modified_gmt":"2025-05-08T15:33:27","slug":"60-aniversario-de-senado-de-california-estados-unidos","status":"publish","type":"post","link":"https:\/\/www.senadojcimexico.org\/portal\/60-aniversario-de-senado-de-california-estados-unidos\/","title":{"rendered":"60 Aniversario de Senado De California Estados unidos"},"content":{"rendered":"<p>Senado JCI M\u00e9xico presented en 60 Aniversario de Senado De California Estados unidos los Dias 2-4 de Mayo, Acompa\u00f1ado por Senadores: Gerardo Mendoza, Jose Ar\u00e9chiga, Carmen Mendoza, Jesus Ojeda, Jaime Landavazo, Ismael Soto y Francisco Lopez. ASI mismo se tuvo acuerdo de cooperaci\u00f3n entre Estados UNIDOs y Mexico a trav\u00e9s del los presidente nacionales de los dos pauses.<\/p>\n<p>&nbsp;<\/p>\n<p><a href=\"https:\/\/www.senadojcimexico.org\/portal\/60-aniversario-de-senado-de-california-estados-unidos\/9c4025f0-23fc-4332-aef5-d3930762357b\/\" rel=\"attachment wp-att-8054\"><img loading=\"lazy\" decoding=\"async\" class=\"size-medium wp-image-8054 alignleft\" src=\"https:\/\/www.senadojcimexico.org\/portal\/wp-content\/uploads\/2025\/05\/9c4025f0-23fc-4332-aef5-d3930762357b-300x225.jpg\" alt=\"\" width=\"300\" height=\"225\" srcset=\"https:\/\/www.senadojcimexico.org\/portal\/wp-content\/uploads\/2025\/05\/9c4025f0-23fc-4332-aef5-d3930762357b-300x225.jpg 300w, https:\/\/www.senadojcimexico.org\/portal\/wp-content\/uploads\/2025\/05\/9c4025f0-23fc-4332-aef5-d3930762357b-1024x768.jpg 1024w, https:\/\/www.senadojcimexico.org\/portal\/wp-content\/uploads\/2025\/05\/9c4025f0-23fc-4332-aef5-d3930762357b-768x576.jpg 768w, https:\/\/www.senadojcimexico.org\/portal\/wp-content\/uploads\/2025\/05\/9c4025f0-23fc-4332-aef5-d3930762357b-1536x1152.jpg 1536w, https:\/\/www.senadojcimexico.org\/portal\/wp-content\/uploads\/2025\/05\/9c4025f0-23fc-4332-aef5-d3930762357b-750x563.jpg 750w, https:\/\/www.senadojcimexico.org\/portal\/wp-content\/uploads\/2025\/05\/9c4025f0-23fc-4332-aef5-d3930762357b.jpg 1600w\" sizes=\"auto, (max-width: 300px) 100vw, 300px\" \/><\/a> <a href=\"https:\/\/www.senadojcimexico.org\/portal\/60-aniversario-de-senado-de-california-estados-unidos\/78a38982-2850-492b-b79f-daafbba14ead\/\" rel=\"attachment wp-att-8055\"><img loading=\"lazy\" decoding=\"async\" class=\"size-medium wp-image-8055 alignright\" src=\"https:\/\/www.senadojcimexico.org\/portal\/wp-content\/uploads\/2025\/05\/78a38982-2850-492b-b79f-daafbba14ead-225x300.jpg\" alt=\"\" width=\"225\" height=\"300\" srcset=\"https:\/\/www.senadojcimexico.org\/portal\/wp-content\/uploads\/2025\/05\/78a38982-2850-492b-b79f-daafbba14ead-225x300.jpg 225w, https:\/\/www.senadojcimexico.org\/portal\/wp-content\/uploads\/2025\/05\/78a38982-2850-492b-b79f-daafbba14ead-768x1024.jpg 768w, https:\/\/www.senadojcimexico.org\/portal\/wp-content\/uploads\/2025\/05\/78a38982-2850-492b-b79f-daafbba14ead-1152x1536.jpg 1152w, https:\/\/www.senadojcimexico.org\/portal\/wp-content\/uploads\/2025\/05\/78a38982-2850-492b-b79f-daafbba14ead-750x1000.jpg 750w, https:\/\/www.senadojcimexico.org\/portal\/wp-content\/uploads\/2025\/05\/78a38982-2850-492b-b79f-daafbba14ead.jpg 1200w\" sizes=\"auto, (max-width: 225px) 100vw, 225px\" \/><\/a> <a href=\"https:\/\/www.senadojcimexico.org\/portal\/60-aniversario-de-senado-de-california-estados-unidos\/d847d275-7b79-4cd9-be4d-96edb644ae78\/\" rel=\"attachment wp-att-8056\"><img loading=\"lazy\" decoding=\"async\" class=\"size-medium wp-image-8056 alignleft\" src=\"https:\/\/www.senadojcimexico.org\/portal\/wp-content\/uploads\/2025\/05\/d847d275-7b79-4cd9-be4d-96edb644ae78-300x225.jpg\" alt=\"\" width=\"300\" height=\"225\" srcset=\"https:\/\/www.senadojcimexico.org\/portal\/wp-content\/uploads\/2025\/05\/d847d275-7b79-4cd9-be4d-96edb644ae78-300x225.jpg 300w, https:\/\/www.senadojcimexico.org\/portal\/wp-content\/uploads\/2025\/05\/d847d275-7b79-4cd9-be4d-96edb644ae78-1024x768.jpg 1024w, https:\/\/www.senadojcimexico.org\/portal\/wp-content\/uploads\/2025\/05\/d847d275-7b79-4cd9-be4d-96edb644ae78-768x576.jpg 768w, https:\/\/www.senadojcimexico.org\/portal\/wp-content\/uploads\/2025\/05\/d847d275-7b79-4cd9-be4d-96edb644ae78-1536x1152.jpg 1536w, https:\/\/www.senadojcimexico.org\/portal\/wp-content\/uploads\/2025\/05\/d847d275-7b79-4cd9-be4d-96edb644ae78-750x563.jpg 750w, https:\/\/www.senadojcimexico.org\/portal\/wp-content\/uploads\/2025\/05\/d847d275-7b79-4cd9-be4d-96edb644ae78.jpg 1600w\" sizes=\"auto, (max-width: 300px) 100vw, 300px\" \/><\/a> <a href=\"https:\/\/www.senadojcimexico.org\/portal\/60-aniversario-de-senado-de-california-estados-unidos\/4583ef36-e9b9-4957-8959-24b5307b0b22\/\" rel=\"attachment wp-att-8057\"><img loading=\"lazy\" decoding=\"async\" class=\"size-medium wp-image-8057 alignright\" src=\"https:\/\/www.senadojcimexico.org\/portal\/wp-content\/uploads\/2025\/05\/4583ef36-e9b9-4957-8959-24b5307b0b22-225x300.jpg\" alt=\"\" width=\"225\" height=\"300\" srcset=\"https:\/\/www.senadojcimexico.org\/portal\/wp-content\/uploads\/2025\/05\/4583ef36-e9b9-4957-8959-24b5307b0b22-225x300.jpg 225w, https:\/\/www.senadojcimexico.org\/portal\/wp-content\/uploads\/2025\/05\/4583ef36-e9b9-4957-8959-24b5307b0b22-768x1024.jpg 768w, https:\/\/www.senadojcimexico.org\/portal\/wp-content\/uploads\/2025\/05\/4583ef36-e9b9-4957-8959-24b5307b0b22-1152x1536.jpg 1152w, https:\/\/www.senadojcimexico.org\/portal\/wp-content\/uploads\/2025\/05\/4583ef36-e9b9-4957-8959-24b5307b0b22-750x1000.jpg 750w, https:\/\/www.senadojcimexico.org\/portal\/wp-content\/uploads\/2025\/05\/4583ef36-e9b9-4957-8959-24b5307b0b22.jpg 1200w\" sizes=\"auto, (max-width: 225px) 100vw, 225px\" \/><\/a> <a href=\"https:\/\/www.senadojcimexico.org\/portal\/60-aniversario-de-senado-de-california-estados-unidos\/cf5ad24f-a9b3-47e1-8320-42caecb64eb0\/\" rel=\"attachment wp-att-8058\"><img loading=\"lazy\" decoding=\"async\" class=\"size-medium wp-image-8058 alignleft\" src=\"https:\/\/www.senadojcimexico.org\/portal\/wp-content\/uploads\/2025\/05\/cf5ad24f-a9b3-47e1-8320-42caecb64eb0-225x300.jpg\" alt=\"\" width=\"225\" height=\"300\" srcset=\"https:\/\/www.senadojcimexico.org\/portal\/wp-content\/uploads\/2025\/05\/cf5ad24f-a9b3-47e1-8320-42caecb64eb0-225x300.jpg 225w, https:\/\/www.senadojcimexico.org\/portal\/wp-content\/uploads\/2025\/05\/cf5ad24f-a9b3-47e1-8320-42caecb64eb0-768x1024.jpg 768w, https:\/\/www.senadojcimexico.org\/portal\/wp-content\/uploads\/2025\/05\/cf5ad24f-a9b3-47e1-8320-42caecb64eb0-1152x1536.jpg 1152w, https:\/\/www.senadojcimexico.org\/portal\/wp-content\/uploads\/2025\/05\/cf5ad24f-a9b3-47e1-8320-42caecb64eb0-750x1000.jpg 750w, https:\/\/www.senadojcimexico.org\/portal\/wp-content\/uploads\/2025\/05\/cf5ad24f-a9b3-47e1-8320-42caecb64eb0.jpg 1200w\" sizes=\"auto, (max-width: 225px) 100vw, 225px\" \/><\/a><\/p>\n","protected":false},"excerpt":{"rendered":"<p>Senado JCI M\u00e9xico presented en 60 Aniversario de Senado De California Estados unidos los Dias 2-4 de Mayo, Acompa\u00f1ado por Senadores: Gerardo Mendoza, Jose Ar\u00e9chiga, Carmen Mendoza, Jesus Ojeda, Jaime Landavazo, Ismael Soto y Francisco Lopez. ASI mismo se tuvo acuerdo de cooperaci\u00f3n entre Estados UNIDOs y Mexico a trav\u00e9s del los presidente nacionales de &hellip; <\/p>\n<p><a class=\"more-link btn\" href=\"https:\/\/www.senadojcimexico.org\/portal\/60-aniversario-de-senado-de-california-estados-unidos\/\">Seguir leyendo<\/a><\/p>\n","protected":false},"author":8,"featured_media":0,"comment_status":"closed","ping_status":"open","sticky":false,"template":"","format":"standard","meta":{"ngg_post_thumbnail":0,"footnotes":""},"categories":[1],"tags":[],"class_list":["post-8053","post","type-post","status-publish","format-standard","hentry","category-sin-categoria","item-wrap"],"_links":{"self":[{"href":"https:\/\/www.senadojcimexico.org\/portal\/wp-json\/wp\/v2\/posts\/8053","targetHints":{"allow":["GET"]}}],"collection":[{"href":"https:\/\/www.senadojcimexico.org\/portal\/wp-json\/wp\/v2\/posts"}],"about":[{"href":"https:\/\/www.senadojcimexico.org\/portal\/wp-json\/wp\/v2\/types\/post"}],"author":[{"embeddable":true,"href":"https:\/\/www.senadojcimexico.org\/portal\/wp-json\/wp\/v2\/users\/8"}],"replies":[{"embeddable":true,"href":"https:\/\/www.senadojcimexico.org\/portal\/wp-json\/wp\/v2\/comments?post=8053"}],"version-history":[{"count":3,"href":"https:\/\/www.senadojcimexico.org\/portal\/wp-json\/wp\/v2\/posts\/8053\/revisions"}],"predecessor-version":[{"id":8062,"href":"https:\/\/www.senadojcimexico.org\/portal\/wp-json\/wp\/v2\/posts\/8053\/revisions\/8062"}],"wp:attachment":[{"href":"https:\/\/www.senadojcimexico.org\/portal\/wp-json\/wp\/v2\/media?parent=8053"}],"wp:term":[{"taxonomy":"category","embeddable":true,"href":"https:\/\/www.senadojcimexico.org\/portal\/wp-json\/wp\/v2\/categories?post=8053"},{"taxonomy":"post_tag","embeddable":true,"href":"https:\/\/www.senadojcimexico.org\/portal\/wp-json\/wp\/v2\/tags?post=8053"}],"curies":[{"name":"wp","href":"https:\/\/api.w.org\/{rel}","templated":true}]}}