{"id":8036,"date":"2025-05-01T10:49:22","date_gmt":"2025-05-01T16:49:22","guid":{"rendered":"https:\/\/www.senadojcimexico.org\/portal\/?p=8036"},"modified":"2025-05-01T10:49:22","modified_gmt":"2025-05-01T16:49:22","slug":"tecate-hermanamientos-y-grato-desayuno","status":"publish","type":"post","link":"https:\/\/www.senadojcimexico.org\/portal\/tecate-hermanamientos-y-grato-desayuno\/","title":{"rendered":"Tecate hermanamientos y grato desayuno"},"content":{"rendered":"<p>En Tecate disfrutamos el hermanamiento junioristico con una amena charla y un grato desayuno con reconocidos y destacados integrantes de JCI, posteriormente en una reuni\u00f3n con la Mesa Directiva de JCI Tecate A.C. y la comitiva del Senado integrada por los Vice Presidentes Fernando Mares y Paul Valdiviezo, as\u00ed como tambi\u00e9n el Senador Mario Casta\u00f1eda.<\/p>\n<p>&nbsp;&nbsp;&nbsp;&nbsp;&nbsp;&nbsp;&nbsp;&nbsp;&nbsp;&nbsp;&nbsp;&nbsp;&nbsp;&nbsp;&nbsp;&nbsp;&nbsp;&nbsp;&nbsp;&nbsp;&nbsp;&nbsp;&nbsp;&nbsp;&nbsp;&nbsp;&nbsp;&nbsp;&nbsp;&nbsp;&nbsp;&nbsp;&nbsp;&nbsp;&nbsp;&nbsp;&nbsp;&nbsp;&nbsp;&nbsp;&nbsp;&nbsp;&nbsp;&nbsp;&nbsp;&nbsp;&nbsp;&nbsp;&nbsp;&nbsp;&nbsp;&nbsp;&nbsp;&nbsp;&nbsp;&nbsp;&nbsp;&nbsp;&nbsp;&nbsp;&nbsp;&nbsp;&nbsp;&nbsp;&nbsp;&nbsp;&nbsp;&nbsp;&nbsp;&nbsp;&nbsp;&nbsp;&nbsp;&nbsp;&nbsp;&nbsp;&nbsp;&nbsp;&nbsp;&nbsp;&nbsp;&nbsp;&nbsp;&nbsp;&nbsp;&nbsp;&nbsp;&nbsp;&nbsp;&nbsp;&nbsp;&nbsp;&nbsp;&nbsp;&nbsp;&nbsp;&nbsp;&nbsp;&nbsp;&nbsp;&nbsp;&nbsp;&nbsp;&nbsp;&nbsp;&nbsp;&nbsp;&nbsp;&nbsp;&nbsp;&nbsp;&nbsp;&nbsp;&nbsp;&nbsp;&nbsp;&nbsp;&nbsp;&nbsp;&nbsp;&nbsp;&nbsp;&nbsp;&nbsp;&nbsp;&nbsp;&nbsp;&nbsp;&nbsp;&nbsp;&nbsp;&nbsp;&nbsp;&nbsp;&nbsp;&nbsp;<a href=\"https:\/\/www.senadojcimexico.org\/portal\/tecate-hermanamientos-y-grato-desayuno\/cf6bfbcb-ea0e-4cb8-9811-c786fb3fbae1\/\" rel=\"attachment wp-att-8038\"><br \/>\n<img loading=\"lazy\" decoding=\"async\" class=\"wp-image-8038 alignright\" src=\"https:\/\/www.senadojcimexico.org\/portal\/wp-content\/uploads\/2025\/05\/cf6bfbcb-ea0e-4cb8-9811-c786fb3fbae1-300x225.jpg\" alt=\"\" width=\"331\" height=\"248\" srcset=\"https:\/\/www.senadojcimexico.org\/portal\/wp-content\/uploads\/2025\/05\/cf6bfbcb-ea0e-4cb8-9811-c786fb3fbae1-300x225.jpg 300w, https:\/\/www.senadojcimexico.org\/portal\/wp-content\/uploads\/2025\/05\/cf6bfbcb-ea0e-4cb8-9811-c786fb3fbae1-1024x768.jpg 1024w, https:\/\/www.senadojcimexico.org\/portal\/wp-content\/uploads\/2025\/05\/cf6bfbcb-ea0e-4cb8-9811-c786fb3fbae1-768x576.jpg 768w, https:\/\/www.senadojcimexico.org\/portal\/wp-content\/uploads\/2025\/05\/cf6bfbcb-ea0e-4cb8-9811-c786fb3fbae1-1536x1152.jpg 1536w, https:\/\/www.senadojcimexico.org\/portal\/wp-content\/uploads\/2025\/05\/cf6bfbcb-ea0e-4cb8-9811-c786fb3fbae1-750x563.jpg 750w, https:\/\/www.senadojcimexico.org\/portal\/wp-content\/uploads\/2025\/05\/cf6bfbcb-ea0e-4cb8-9811-c786fb3fbae1.jpg 1600w\" sizes=\"auto, (max-width: 331px) 100vw, 331px\" \/><\/a><\/p>\n<p><a href=\"https:\/\/www.senadojcimexico.org\/portal\/encuentro-de-trabajo-del-senado-jci-mexico\/218e70bb-f28a-4dea-9356-a53ff01fb0b3\/\" rel=\"attachment wp-att-8001\"><img loading=\"lazy\" decoding=\"async\" class=\" wp-image-8001 alignleft\" src=\"https:\/\/www.senadojcimexico.org\/portal\/wp-content\/uploads\/2025\/05\/218e70bb-f28a-4dea-9356-a53ff01fb0b3-300x225.jpg\" alt=\"\" width=\"313\" height=\"235\" srcset=\"https:\/\/www.senadojcimexico.org\/portal\/wp-content\/uploads\/2025\/05\/218e70bb-f28a-4dea-9356-a53ff01fb0b3-300x225.jpg 300w, https:\/\/www.senadojcimexico.org\/portal\/wp-content\/uploads\/2025\/05\/218e70bb-f28a-4dea-9356-a53ff01fb0b3-1024x768.jpg 1024w, https:\/\/www.senadojcimexico.org\/portal\/wp-content\/uploads\/2025\/05\/218e70bb-f28a-4dea-9356-a53ff01fb0b3-768x576.jpg 768w, https:\/\/www.senadojcimexico.org\/portal\/wp-content\/uploads\/2025\/05\/218e70bb-f28a-4dea-9356-a53ff01fb0b3-1536x1152.jpg 1536w, https:\/\/www.senadojcimexico.org\/portal\/wp-content\/uploads\/2025\/05\/218e70bb-f28a-4dea-9356-a53ff01fb0b3-750x563.jpg 750w, https:\/\/www.senadojcimexico.org\/portal\/wp-content\/uploads\/2025\/05\/218e70bb-f28a-4dea-9356-a53ff01fb0b3.jpg 1600w\" sizes=\"auto, (max-width: 313px) 100vw, 313px\" \/><\/a><\/p>\n","protected":false},"excerpt":{"rendered":"<p>En Tecate disfrutamos el hermanamiento junioristico con una amena charla y un grato desayuno con reconocidos y destacados integrantes de JCI, posteriormente en una reuni\u00f3n con la Mesa Directiva de JCI Tecate A.C. y la comitiva del Senado integrada por los Vice Presidentes Fernando Mares y Paul Valdiviezo, as\u00ed como tambi\u00e9n el Senador Mario Casta\u00f1eda. &hellip; <\/p>\n<p><a class=\"more-link btn\" href=\"https:\/\/www.senadojcimexico.org\/portal\/tecate-hermanamientos-y-grato-desayuno\/\">Seguir leyendo<\/a><\/p>\n","protected":false},"author":8,"featured_media":0,"comment_status":"closed","ping_status":"open","sticky":false,"template":"","format":"standard","meta":{"ngg_post_thumbnail":0,"footnotes":""},"categories":[1],"tags":[],"class_list":["post-8036","post","type-post","status-publish","format-standard","hentry","category-sin-categoria","item-wrap"],"_links":{"self":[{"href":"https:\/\/www.senadojcimexico.org\/portal\/wp-json\/wp\/v2\/posts\/8036","targetHints":{"allow":["GET"]}}],"collection":[{"href":"https:\/\/www.senadojcimexico.org\/portal\/wp-json\/wp\/v2\/posts"}],"about":[{"href":"https:\/\/www.senadojcimexico.org\/portal\/wp-json\/wp\/v2\/types\/post"}],"author":[{"embeddable":true,"href":"https:\/\/www.senadojcimexico.org\/portal\/wp-json\/wp\/v2\/users\/8"}],"replies":[{"embeddable":true,"href":"https:\/\/www.senadojcimexico.org\/portal\/wp-json\/wp\/v2\/comments?post=8036"}],"version-history":[{"count":3,"href":"https:\/\/www.senadojcimexico.org\/portal\/wp-json\/wp\/v2\/posts\/8036\/revisions"}],"predecessor-version":[{"id":8041,"href":"https:\/\/www.senadojcimexico.org\/portal\/wp-json\/wp\/v2\/posts\/8036\/revisions\/8041"}],"wp:attachment":[{"href":"https:\/\/www.senadojcimexico.org\/portal\/wp-json\/wp\/v2\/media?parent=8036"}],"wp:term":[{"taxonomy":"category","embeddable":true,"href":"https:\/\/www.senadojcimexico.org\/portal\/wp-json\/wp\/v2\/categories?post=8036"},{"taxonomy":"post_tag","embeddable":true,"href":"https:\/\/www.senadojcimexico.org\/portal\/wp-json\/wp\/v2\/tags?post=8036"}],"curies":[{"name":"wp","href":"https:\/\/api.w.org\/{rel}","templated":true}]}}