{"id":7966,"date":"2025-04-09T13:23:11","date_gmt":"2025-04-09T19:23:11","guid":{"rendered":"https:\/\/www.senadojcimexico.org\/portal\/?p=7966"},"modified":"2025-04-09T13:23:11","modified_gmt":"2025-04-09T19:23:11","slug":"toma-de-protesta-jci-tecate-ac","status":"publish","type":"post","link":"https:\/\/www.senadojcimexico.org\/portal\/toma-de-protesta-jci-tecate-ac\/","title":{"rendered":"Toma de protesta JCI TECATE AC"},"content":{"rendered":"<p>Toma de Protesta 2025 de JCI Tecate A.C., El pasado 15 de marzo fuimos participes del cambio de Mesa Directiva, en donde Andrea Guti\u00e9rrez refrenda su liderazgo al frente de los j\u00f3venes de esta organizaci\u00f3n local, dieron f\u00e9 y testimonio de este magno evento, el Presidente de JCI M\u00c9XICO Aaron M\u00e1rquez, autoridades municipales y representantes de organizaciones no gubernamentales.<\/p>\n<p>Con el compromiso y respaldo hacia el empoderamiento de los j\u00f3venes lideres, m\u00e1s que bien representado estuvo el Senado JCI M\u00e9xico con una amplia comitiva encabezada por su Presidente 2025 Jes\u00fas Beltr\u00e1n, Fernando Mares como Vice Presidente Ejecutivo Nacional, y por supuesto la distinguida presencia y fortaleza de los Senadores del \u00c1rea Norte, Diana Hern\u00e1ndez, Karla Aguilar, Ana Brenda Gonz\u00e1lez, Azucena Rivera, \u00c1lvaro Plumeda, Jos\u00e9 Arechiga, Mario Casta\u0144eda, Francisco L\u00f3pez e Ismael Soto.<\/p>\n<p><a href=\"https:\/\/www.senadojcimexico.org\/portal\/toma-de-protesta-jci-tecate-ac\/8fd4100e-9110-473c-9a3b-dc2b00d8201f\/\" rel=\"attachment wp-att-7967\"><img loading=\"lazy\" decoding=\"async\" class=\"aligncenter size-medium wp-image-7967\" src=\"https:\/\/www.senadojcimexico.org\/portal\/wp-content\/uploads\/2025\/04\/8fd4100e-9110-473c-9a3b-dc2b00d8201f-300x225.jpg\" alt=\"\" width=\"300\" height=\"225\" srcset=\"https:\/\/www.senadojcimexico.org\/portal\/wp-content\/uploads\/2025\/04\/8fd4100e-9110-473c-9a3b-dc2b00d8201f-300x225.jpg 300w, https:\/\/www.senadojcimexico.org\/portal\/wp-content\/uploads\/2025\/04\/8fd4100e-9110-473c-9a3b-dc2b00d8201f-1024x768.jpg 1024w, https:\/\/www.senadojcimexico.org\/portal\/wp-content\/uploads\/2025\/04\/8fd4100e-9110-473c-9a3b-dc2b00d8201f-768x576.jpg 768w, https:\/\/www.senadojcimexico.org\/portal\/wp-content\/uploads\/2025\/04\/8fd4100e-9110-473c-9a3b-dc2b00d8201f-1536x1152.jpg 1536w, https:\/\/www.senadojcimexico.org\/portal\/wp-content\/uploads\/2025\/04\/8fd4100e-9110-473c-9a3b-dc2b00d8201f-750x563.jpg 750w, https:\/\/www.senadojcimexico.org\/portal\/wp-content\/uploads\/2025\/04\/8fd4100e-9110-473c-9a3b-dc2b00d8201f.jpg 1600w\" sizes=\"auto, (max-width: 300px) 100vw, 300px\" \/><\/a><\/p>\n","protected":false},"excerpt":{"rendered":"<p>Toma de Protesta 2025 de JCI Tecate A.C., El pasado 15 de marzo fuimos participes del cambio de Mesa Directiva, en donde Andrea Guti\u00e9rrez refrenda su liderazgo al frente de los j\u00f3venes de esta organizaci\u00f3n local, dieron f\u00e9 y testimonio de este magno evento, el Presidente de JCI M\u00c9XICO Aaron M\u00e1rquez, autoridades municipales y representantes &hellip; <\/p>\n<p><a class=\"more-link btn\" href=\"https:\/\/www.senadojcimexico.org\/portal\/toma-de-protesta-jci-tecate-ac\/\">Seguir leyendo<\/a><\/p>\n","protected":false},"author":8,"featured_media":0,"comment_status":"closed","ping_status":"open","sticky":false,"template":"","format":"standard","meta":{"ngg_post_thumbnail":0,"footnotes":""},"categories":[1],"tags":[],"class_list":["post-7966","post","type-post","status-publish","format-standard","hentry","category-sin-categoria","item-wrap"],"_links":{"self":[{"href":"https:\/\/www.senadojcimexico.org\/portal\/wp-json\/wp\/v2\/posts\/7966","targetHints":{"allow":["GET"]}}],"collection":[{"href":"https:\/\/www.senadojcimexico.org\/portal\/wp-json\/wp\/v2\/posts"}],"about":[{"href":"https:\/\/www.senadojcimexico.org\/portal\/wp-json\/wp\/v2\/types\/post"}],"author":[{"embeddable":true,"href":"https:\/\/www.senadojcimexico.org\/portal\/wp-json\/wp\/v2\/users\/8"}],"replies":[{"embeddable":true,"href":"https:\/\/www.senadojcimexico.org\/portal\/wp-json\/wp\/v2\/comments?post=7966"}],"version-history":[{"count":3,"href":"https:\/\/www.senadojcimexico.org\/portal\/wp-json\/wp\/v2\/posts\/7966\/revisions"}],"predecessor-version":[{"id":7970,"href":"https:\/\/www.senadojcimexico.org\/portal\/wp-json\/wp\/v2\/posts\/7966\/revisions\/7970"}],"wp:attachment":[{"href":"https:\/\/www.senadojcimexico.org\/portal\/wp-json\/wp\/v2\/media?parent=7966"}],"wp:term":[{"taxonomy":"category","embeddable":true,"href":"https:\/\/www.senadojcimexico.org\/portal\/wp-json\/wp\/v2\/categories?post=7966"},{"taxonomy":"post_tag","embeddable":true,"href":"https:\/\/www.senadojcimexico.org\/portal\/wp-json\/wp\/v2\/tags?post=7966"}],"curies":[{"name":"wp","href":"https:\/\/api.w.org\/{rel}","templated":true}]}}