{"id":7958,"date":"2025-04-09T13:15:20","date_gmt":"2025-04-09T19:15:20","guid":{"rendered":"https:\/\/www.senadojcimexico.org\/portal\/?p=7958"},"modified":"2025-04-09T13:19:07","modified_gmt":"2025-04-09T19:19:07","slug":"gira-del-presidente-del-senado","status":"publish","type":"post","link":"https:\/\/www.senadojcimexico.org\/portal\/gira-del-presidente-del-senado\/","title":{"rendered":"Gira del presidente del senado"},"content":{"rendered":"<p>Gira de trabajo del Presidente Nacional del Senado, recorrimos la zona centro en compa\u00f1\u00eda del Tesorero Nacional Jaime Landavazo, nuestro Asesor Legal Enrique Ayuso y el Director de Relaciones P\u00fablicas Francisco Rojas, estrechando lazos de comunicaci\u00f3n y planteando rutas de acci\u00f3n con nuestras organizaciones de JCI M\u00e9xico.<\/p>\n<p>\u201cMano a mano\u201d Jes\u00fas Beltr\u00e1n, presidente nacional, reconoce con admiraci\u00f3n el enorme trabajo y seguimiento realizado por el Senado de Zona Centro, con especial \u00e9nfasis agradecemos (en orden de visita) la hospitalidad de Puebla, Zacatlan, Yautepec, Ciudad de M\u00e9xico y Estado de M\u00e9xico, \u201csin duda la fortaleza del Senado JCI M\u00e9xico es robustecido con ustedes, Felicidades por su invaluable ejemplo de servicio\u201d.<\/p>\n<p>\ud83d\udc47visita nuestro sitio\ud83d\udc47<br \/>\nhttps:\/\/www.facebook.com\/share\/p\/14zHsAwDdn\/<\/p>\n<p><a href=\"https:\/\/www.senadojcimexico.org\/portal\/gira-del-presidente-del-senado\/b973b820-f80f-4a10-8b82-4e11c4b8925f\/\" rel=\"attachment wp-att-7959\"><img loading=\"lazy\" decoding=\"async\" class=\" wp-image-7959 alignright\" src=\"https:\/\/www.senadojcimexico.org\/portal\/wp-content\/uploads\/2025\/04\/b973b820-f80f-4a10-8b82-4e11c4b8925f-300x139.jpg\" alt=\"\" width=\"227\" height=\"105\" srcset=\"https:\/\/www.senadojcimexico.org\/portal\/wp-content\/uploads\/2025\/04\/b973b820-f80f-4a10-8b82-4e11c4b8925f-300x139.jpg 300w, https:\/\/www.senadojcimexico.org\/portal\/wp-content\/uploads\/2025\/04\/b973b820-f80f-4a10-8b82-4e11c4b8925f-1024x473.jpg 1024w, https:\/\/www.senadojcimexico.org\/portal\/wp-content\/uploads\/2025\/04\/b973b820-f80f-4a10-8b82-4e11c4b8925f-768x355.jpg 768w, https:\/\/www.senadojcimexico.org\/portal\/wp-content\/uploads\/2025\/04\/b973b820-f80f-4a10-8b82-4e11c4b8925f-1536x709.jpg 1536w, https:\/\/www.senadojcimexico.org\/portal\/wp-content\/uploads\/2025\/04\/b973b820-f80f-4a10-8b82-4e11c4b8925f-750x346.jpg 750w, https:\/\/www.senadojcimexico.org\/portal\/wp-content\/uploads\/2025\/04\/b973b820-f80f-4a10-8b82-4e11c4b8925f.jpg 1600w\" sizes=\"auto, (max-width: 227px) 100vw, 227px\" \/><\/a><a href=\"https:\/\/www.senadojcimexico.org\/portal\/gira-del-presidente-del-senado\/8392e6c5-ce38-4063-b78c-2ae1b8f6adcc\/\" rel=\"attachment wp-att-7964\"><img loading=\"lazy\" decoding=\"async\" class=\" wp-image-7964 alignright\" src=\"https:\/\/www.senadojcimexico.org\/portal\/wp-content\/uploads\/2025\/04\/8392e6c5-ce38-4063-b78c-2ae1b8f6adcc-300x226.jpg\" alt=\"\" width=\"247\" height=\"186\" srcset=\"https:\/\/www.senadojcimexico.org\/portal\/wp-content\/uploads\/2025\/04\/8392e6c5-ce38-4063-b78c-2ae1b8f6adcc-300x226.jpg 300w, https:\/\/www.senadojcimexico.org\/portal\/wp-content\/uploads\/2025\/04\/8392e6c5-ce38-4063-b78c-2ae1b8f6adcc-1024x771.jpg 1024w, https:\/\/www.senadojcimexico.org\/portal\/wp-content\/uploads\/2025\/04\/8392e6c5-ce38-4063-b78c-2ae1b8f6adcc-768x578.jpg 768w, https:\/\/www.senadojcimexico.org\/portal\/wp-content\/uploads\/2025\/04\/8392e6c5-ce38-4063-b78c-2ae1b8f6adcc-1536x1156.jpg 1536w, https:\/\/www.senadojcimexico.org\/portal\/wp-content\/uploads\/2025\/04\/8392e6c5-ce38-4063-b78c-2ae1b8f6adcc-750x564.jpg 750w, https:\/\/www.senadojcimexico.org\/portal\/wp-content\/uploads\/2025\/04\/8392e6c5-ce38-4063-b78c-2ae1b8f6adcc.jpg 1600w\" sizes=\"auto, (max-width: 247px) 100vw, 247px\" \/><\/a><a href=\"https:\/\/www.senadojcimexico.org\/portal\/gira-del-presidente-del-senado\/3f57dd4e-ce19-457f-88ba-7781b9244ded\/\" rel=\"attachment wp-att-7963\"><img loading=\"lazy\" decoding=\"async\" class=\" wp-image-7963 alignleft\" src=\"https:\/\/www.senadojcimexico.org\/portal\/wp-content\/uploads\/2025\/04\/3f57dd4e-ce19-457f-88ba-7781b9244ded-300x200.jpg\" alt=\"\" width=\"201\" height=\"134\" srcset=\"https:\/\/www.senadojcimexico.org\/portal\/wp-content\/uploads\/2025\/04\/3f57dd4e-ce19-457f-88ba-7781b9244ded-300x200.jpg 300w, https:\/\/www.senadojcimexico.org\/portal\/wp-content\/uploads\/2025\/04\/3f57dd4e-ce19-457f-88ba-7781b9244ded-1024x682.jpg 1024w, https:\/\/www.senadojcimexico.org\/portal\/wp-content\/uploads\/2025\/04\/3f57dd4e-ce19-457f-88ba-7781b9244ded-768x512.jpg 768w, https:\/\/www.senadojcimexico.org\/portal\/wp-content\/uploads\/2025\/04\/3f57dd4e-ce19-457f-88ba-7781b9244ded-750x500.jpg 750w, https:\/\/www.senadojcimexico.org\/portal\/wp-content\/uploads\/2025\/04\/3f57dd4e-ce19-457f-88ba-7781b9244ded.jpg 1280w\" sizes=\"auto, (max-width: 201px) 100vw, 201px\" \/><\/a><\/p>\n","protected":false},"excerpt":{"rendered":"<p>Gira de trabajo del Presidente Nacional del Senado, recorrimos la zona centro en compa\u00f1\u00eda del Tesorero Nacional Jaime Landavazo, nuestro Asesor Legal Enrique Ayuso y el Director de Relaciones P\u00fablicas Francisco Rojas, estrechando lazos de comunicaci\u00f3n y planteando rutas de acci\u00f3n con nuestras organizaciones de JCI M\u00e9xico. \u201cMano a mano\u201d Jes\u00fas Beltr\u00e1n, presidente nacional, reconoce &hellip; <\/p>\n<p><a class=\"more-link btn\" href=\"https:\/\/www.senadojcimexico.org\/portal\/gira-del-presidente-del-senado\/\">Seguir leyendo<\/a><\/p>\n","protected":false},"author":8,"featured_media":0,"comment_status":"closed","ping_status":"open","sticky":false,"template":"","format":"standard","meta":{"ngg_post_thumbnail":0,"footnotes":""},"categories":[1],"tags":[],"class_list":["post-7958","post","type-post","status-publish","format-standard","hentry","category-sin-categoria","item-wrap"],"_links":{"self":[{"href":"https:\/\/www.senadojcimexico.org\/portal\/wp-json\/wp\/v2\/posts\/7958","targetHints":{"allow":["GET"]}}],"collection":[{"href":"https:\/\/www.senadojcimexico.org\/portal\/wp-json\/wp\/v2\/posts"}],"about":[{"href":"https:\/\/www.senadojcimexico.org\/portal\/wp-json\/wp\/v2\/types\/post"}],"author":[{"embeddable":true,"href":"https:\/\/www.senadojcimexico.org\/portal\/wp-json\/wp\/v2\/users\/8"}],"replies":[{"embeddable":true,"href":"https:\/\/www.senadojcimexico.org\/portal\/wp-json\/wp\/v2\/comments?post=7958"}],"version-history":[{"count":4,"href":"https:\/\/www.senadojcimexico.org\/portal\/wp-json\/wp\/v2\/posts\/7958\/revisions"}],"predecessor-version":[{"id":7962,"href":"https:\/\/www.senadojcimexico.org\/portal\/wp-json\/wp\/v2\/posts\/7958\/revisions\/7962"}],"wp:attachment":[{"href":"https:\/\/www.senadojcimexico.org\/portal\/wp-json\/wp\/v2\/media?parent=7958"}],"wp:term":[{"taxonomy":"category","embeddable":true,"href":"https:\/\/www.senadojcimexico.org\/portal\/wp-json\/wp\/v2\/categories?post=7958"},{"taxonomy":"post_tag","embeddable":true,"href":"https:\/\/www.senadojcimexico.org\/portal\/wp-json\/wp\/v2\/tags?post=7958"}],"curies":[{"name":"wp","href":"https:\/\/api.w.org\/{rel}","templated":true}]}}