{"id":4411,"date":"2023-01-16T22:37:15","date_gmt":"2023-01-17T04:37:15","guid":{"rendered":"https:\/\/www.senadojcimexico.org\/portal\/?p=4411"},"modified":"2024-06-14T18:18:54","modified_gmt":"2024-06-15T00:18:54","slug":"visita-del-presidente-al-senado-de-guaymas","status":"publish","type":"post","link":"https:\/\/www.senadojcimexico.org\/portal\/visita-del-presidente-al-senado-de-guaymas\/","title":{"rendered":"Visita del Presidente al Senado JCI de Guaymas"},"content":{"rendered":"<p style=\"text-align: justify;\">El Presidente Gerardo I. Mendoza, en su \u00faltima gira como Presidente Nacional del Senado JCI M\u00e9xico 2022, acompa\u00f1ado de su Sra. Esposa, Sen. Magda Tarin, del Tesorero Nacional del Senado Ra\u00fal Fern\u00e1ndez y de los ex Presidentes, Senadores Jos\u00e9 de Jes\u00fas Ar\u00e9chiga y Francisco L\u00f3pez, realizaron una visita al Senado JCI de Guaymas, Sonora.<\/p>\n<p style=\"text-align: justify;\">Fueron recibidos por el ex Presidente V\u00edctor Calder\u00f3n, junto con el Director y el Tesorero de la XXXVI Convenci\u00f3n Nacional del Senado Jorge Luis Fern\u00e1ndez y Leonel Campillo, adem\u00e1s del Sen. Francisco Calder\u00f3n.<\/p>\n<p><a href=\"https:\/\/www.senadojcimexico.org\/portal\/wp-content\/uploads\/2023\/01\/PHOTO-2022-12-11-01-10-13.jpg\"><img loading=\"lazy\" decoding=\"async\" class=\"wp-image-4427 alignleft\" src=\"https:\/\/www.senadojcimexico.org\/portal\/wp-content\/uploads\/2023\/01\/PHOTO-2022-12-11-01-10-13-225x300.jpg\" alt=\"\" width=\"182\" height=\"243\" srcset=\"https:\/\/www.senadojcimexico.org\/portal\/wp-content\/uploads\/2023\/01\/PHOTO-2022-12-11-01-10-13-225x300.jpg 225w, https:\/\/www.senadojcimexico.org\/portal\/wp-content\/uploads\/2023\/01\/PHOTO-2022-12-11-01-10-13-768x1024.jpg 768w, https:\/\/www.senadojcimexico.org\/portal\/wp-content\/uploads\/2023\/01\/PHOTO-2022-12-11-01-10-13-750x1000.jpg 750w, https:\/\/www.senadojcimexico.org\/portal\/wp-content\/uploads\/2023\/01\/PHOTO-2022-12-11-01-10-13.jpg 960w\" sizes=\"auto, (max-width: 182px) 100vw, 182px\" \/><\/a><a href=\"https:\/\/www.senadojcimexico.org\/portal\/wp-content\/uploads\/2023\/01\/319549669_176445111656090_5508511022146309857_n.jpg\"><img loading=\"lazy\" decoding=\"async\" class=\"alignleft wp-image-4426 \" src=\"https:\/\/www.senadojcimexico.org\/portal\/wp-content\/uploads\/2023\/01\/319549669_176445111656090_5508511022146309857_n-225x300.jpg\" alt=\"\" width=\"183\" height=\"244\" srcset=\"https:\/\/www.senadojcimexico.org\/portal\/wp-content\/uploads\/2023\/01\/319549669_176445111656090_5508511022146309857_n-225x300.jpg 225w, https:\/\/www.senadojcimexico.org\/portal\/wp-content\/uploads\/2023\/01\/319549669_176445111656090_5508511022146309857_n-768x1024.jpg 768w, https:\/\/www.senadojcimexico.org\/portal\/wp-content\/uploads\/2023\/01\/319549669_176445111656090_5508511022146309857_n-750x1000.jpg 750w, https:\/\/www.senadojcimexico.org\/portal\/wp-content\/uploads\/2023\/01\/319549669_176445111656090_5508511022146309857_n.jpg 960w\" sizes=\"auto, (max-width: 183px) 100vw, 183px\" \/><\/a><a href=\"https:\/\/www.senadojcimexico.org\/portal\/wp-content\/uploads\/2023\/01\/319542207_176445154989419_424454692050431013_n.jpg\"><img loading=\"lazy\" decoding=\"async\" class=\"wp-image-4425 alignleft\" src=\"https:\/\/www.senadojcimexico.org\/portal\/wp-content\/uploads\/2023\/01\/319542207_176445154989419_424454692050431013_n-300x225.jpg\" alt=\"\" width=\"326\" height=\"245\" srcset=\"https:\/\/www.senadojcimexico.org\/portal\/wp-content\/uploads\/2023\/01\/319542207_176445154989419_424454692050431013_n-300x225.jpg 300w, https:\/\/www.senadojcimexico.org\/portal\/wp-content\/uploads\/2023\/01\/319542207_176445154989419_424454692050431013_n-1024x768.jpg 1024w, https:\/\/www.senadojcimexico.org\/portal\/wp-content\/uploads\/2023\/01\/319542207_176445154989419_424454692050431013_n-768x576.jpg 768w, https:\/\/www.senadojcimexico.org\/portal\/wp-content\/uploads\/2023\/01\/319542207_176445154989419_424454692050431013_n-750x563.jpg 750w, https:\/\/www.senadojcimexico.org\/portal\/wp-content\/uploads\/2023\/01\/319542207_176445154989419_424454692050431013_n.jpg 1280w\" sizes=\"auto, (max-width: 326px) 100vw, 326px\" \/><\/a><\/p>\n","protected":false},"excerpt":{"rendered":"<p>El Presidente Gerardo I. Mendoza, en su \u00faltima gira como Presidente Nacional del Senado JCI M\u00e9xico 2022, acompa\u00f1ado de su Sra. Esposa, Sen. Magda Tarin, del Tesorero Nacional del Senado Ra\u00fal Fern\u00e1ndez y de los ex Presidentes, Senadores Jos\u00e9 de Jes\u00fas Ar\u00e9chiga y Francisco L\u00f3pez, realizaron una visita al Senado JCI de Guaymas, Sonora. Fueron &hellip; <\/p>\n<p><a class=\"more-link btn\" href=\"https:\/\/www.senadojcimexico.org\/portal\/visita-del-presidente-al-senado-de-guaymas\/\">Seguir leyendo<\/a><\/p>\n","protected":false},"author":1,"featured_media":4420,"comment_status":"closed","ping_status":"open","sticky":false,"template":"","format":"standard","meta":{"ngg_post_thumbnail":0,"footnotes":""},"categories":[9],"tags":[],"class_list":["post-4411","post","type-post","status-publish","format-standard","has-post-thumbnail","hentry","category-general","item-wrap"],"_links":{"self":[{"href":"https:\/\/www.senadojcimexico.org\/portal\/wp-json\/wp\/v2\/posts\/4411","targetHints":{"allow":["GET"]}}],"collection":[{"href":"https:\/\/www.senadojcimexico.org\/portal\/wp-json\/wp\/v2\/posts"}],"about":[{"href":"https:\/\/www.senadojcimexico.org\/portal\/wp-json\/wp\/v2\/types\/post"}],"author":[{"embeddable":true,"href":"https:\/\/www.senadojcimexico.org\/portal\/wp-json\/wp\/v2\/users\/1"}],"replies":[{"embeddable":true,"href":"https:\/\/www.senadojcimexico.org\/portal\/wp-json\/wp\/v2\/comments?post=4411"}],"version-history":[{"count":11,"href":"https:\/\/www.senadojcimexico.org\/portal\/wp-json\/wp\/v2\/posts\/4411\/revisions"}],"predecessor-version":[{"id":6681,"href":"https:\/\/www.senadojcimexico.org\/portal\/wp-json\/wp\/v2\/posts\/4411\/revisions\/6681"}],"wp:featuredmedia":[{"embeddable":true,"href":"https:\/\/www.senadojcimexico.org\/portal\/wp-json\/wp\/v2\/media\/4420"}],"wp:attachment":[{"href":"https:\/\/www.senadojcimexico.org\/portal\/wp-json\/wp\/v2\/media?parent=4411"}],"wp:term":[{"taxonomy":"category","embeddable":true,"href":"https:\/\/www.senadojcimexico.org\/portal\/wp-json\/wp\/v2\/categories?post=4411"},{"taxonomy":"post_tag","embeddable":true,"href":"https:\/\/www.senadojcimexico.org\/portal\/wp-json\/wp\/v2\/tags?post=4411"}],"curies":[{"name":"wp","href":"https:\/\/api.w.org\/{rel}","templated":true}]}}