{"id":4341,"date":"2023-01-15T13:59:10","date_gmt":"2023-01-15T19:59:10","guid":{"rendered":"https:\/\/www.senadojcimexico.org\/portal\/?p=4341"},"modified":"2024-06-14T18:19:46","modified_gmt":"2024-06-15T00:19:46","slug":"visita-al-senado-jci-oaxaca","status":"publish","type":"post","link":"https:\/\/www.senadojcimexico.org\/portal\/visita-al-senado-jci-oaxaca\/","title":{"rendered":"Visita al Senado JCI de Oaxaca"},"content":{"rendered":"<p style=\"text-align: justify;\">En el mes de noviembre de 2022, el Presidente Gerardo Ignacio Mendoza Rodr\u00edguez hizo una visita al Senado JCI de Oaxaca, siendo recibido por su Coordinador Carlos Jes\u00fas Olivera Esc\u00e1rraga, Senadores, Ex integrantes y amigos de la C\u00e1mara J\u00fanior de Oaxaca. Acompa\u00f1aron al Presidente Gerardo, su esposa Sen. Magda Tarin; las Senadoras Carmen Mendoza y Ma. del Carmen Torres; y el Senador Joaqu\u00edn E. Mart\u00ednez.<\/p>\n<p style=\"text-align: justify;\">Durante la visita, el Profr. Carlos Jes\u00fas Olivera agradeci\u00f3 la visita del presidente y sus acompa\u00f1antes y resalt\u00f3 la importancia de mantener los v\u00ednculos entre la directiva y los grupos de Senadores que existen en M\u00e9xico.<\/p>\n<p><a href=\"https:\/\/www.senadojcimexico.org\/portal\/wp-content\/uploads\/2023\/01\/IMG_2607-scaled.jpg\"><img loading=\"lazy\" decoding=\"async\" class=\"wp-image-4434 size-medium alignleft\" src=\"https:\/\/www.senadojcimexico.org\/portal\/wp-content\/uploads\/2023\/01\/IMG_2607-300x225.jpg\" alt=\"\" width=\"300\" height=\"225\" srcset=\"https:\/\/www.senadojcimexico.org\/portal\/wp-content\/uploads\/2023\/01\/IMG_2607-300x225.jpg 300w, https:\/\/www.senadojcimexico.org\/portal\/wp-content\/uploads\/2023\/01\/IMG_2607-1024x768.jpg 1024w, https:\/\/www.senadojcimexico.org\/portal\/wp-content\/uploads\/2023\/01\/IMG_2607-768x576.jpg 768w, https:\/\/www.senadojcimexico.org\/portal\/wp-content\/uploads\/2023\/01\/IMG_2607-1536x1152.jpg 1536w, https:\/\/www.senadojcimexico.org\/portal\/wp-content\/uploads\/2023\/01\/IMG_2607-2048x1536.jpg 2048w, https:\/\/www.senadojcimexico.org\/portal\/wp-content\/uploads\/2023\/01\/IMG_2607-750x563.jpg 750w\" sizes=\"auto, (max-width: 300px) 100vw, 300px\" \/><\/a><a href=\"https:\/\/www.senadojcimexico.org\/portal\/wp-content\/uploads\/2023\/01\/IMG_2609-scaled.jpg\"><img loading=\"lazy\" decoding=\"async\" class=\"wp-image-4436 size-medium alignleft\" src=\"https:\/\/www.senadojcimexico.org\/portal\/wp-content\/uploads\/2023\/01\/IMG_2609-300x225.jpg\" alt=\"\" width=\"300\" height=\"225\" srcset=\"https:\/\/www.senadojcimexico.org\/portal\/wp-content\/uploads\/2023\/01\/IMG_2609-300x225.jpg 300w, https:\/\/www.senadojcimexico.org\/portal\/wp-content\/uploads\/2023\/01\/IMG_2609-1024x768.jpg 1024w, https:\/\/www.senadojcimexico.org\/portal\/wp-content\/uploads\/2023\/01\/IMG_2609-768x576.jpg 768w, https:\/\/www.senadojcimexico.org\/portal\/wp-content\/uploads\/2023\/01\/IMG_2609-1536x1152.jpg 1536w, https:\/\/www.senadojcimexico.org\/portal\/wp-content\/uploads\/2023\/01\/IMG_2609-2048x1536.jpg 2048w, https:\/\/www.senadojcimexico.org\/portal\/wp-content\/uploads\/2023\/01\/IMG_2609-750x563.jpg 750w\" sizes=\"auto, (max-width: 300px) 100vw, 300px\" \/><\/a><a href=\"https:\/\/www.senadojcimexico.org\/portal\/wp-content\/uploads\/2023\/01\/IMG_2610-scaled.jpg\"><img loading=\"lazy\" decoding=\"async\" class=\"wp-image-4435 size-medium alignleft\" src=\"https:\/\/www.senadojcimexico.org\/portal\/wp-content\/uploads\/2023\/01\/IMG_2610-300x225.jpg\" alt=\"\" width=\"300\" height=\"225\" srcset=\"https:\/\/www.senadojcimexico.org\/portal\/wp-content\/uploads\/2023\/01\/IMG_2610-300x225.jpg 300w, https:\/\/www.senadojcimexico.org\/portal\/wp-content\/uploads\/2023\/01\/IMG_2610-1024x768.jpg 1024w, https:\/\/www.senadojcimexico.org\/portal\/wp-content\/uploads\/2023\/01\/IMG_2610-768x576.jpg 768w, https:\/\/www.senadojcimexico.org\/portal\/wp-content\/uploads\/2023\/01\/IMG_2610-1536x1152.jpg 1536w, https:\/\/www.senadojcimexico.org\/portal\/wp-content\/uploads\/2023\/01\/IMG_2610-2048x1536.jpg 2048w, https:\/\/www.senadojcimexico.org\/portal\/wp-content\/uploads\/2023\/01\/IMG_2610-750x563.jpg 750w\" sizes=\"auto, (max-width: 300px) 100vw, 300px\" \/><\/a><a href=\"https:\/\/www.senadojcimexico.org\/portal\/wp-content\/uploads\/2023\/01\/IMG_2614-scaled.jpg\"><img loading=\"lazy\" decoding=\"async\" class=\"wp-image-4439 size-medium alignleft\" src=\"https:\/\/www.senadojcimexico.org\/portal\/wp-content\/uploads\/2023\/01\/IMG_2614-300x225.jpg\" alt=\"\" width=\"300\" height=\"225\" srcset=\"https:\/\/www.senadojcimexico.org\/portal\/wp-content\/uploads\/2023\/01\/IMG_2614-300x225.jpg 300w, https:\/\/www.senadojcimexico.org\/portal\/wp-content\/uploads\/2023\/01\/IMG_2614-1024x768.jpg 1024w, https:\/\/www.senadojcimexico.org\/portal\/wp-content\/uploads\/2023\/01\/IMG_2614-768x576.jpg 768w, https:\/\/www.senadojcimexico.org\/portal\/wp-content\/uploads\/2023\/01\/IMG_2614-1536x1152.jpg 1536w, https:\/\/www.senadojcimexico.org\/portal\/wp-content\/uploads\/2023\/01\/IMG_2614-2048x1536.jpg 2048w, https:\/\/www.senadojcimexico.org\/portal\/wp-content\/uploads\/2023\/01\/IMG_2614-750x563.jpg 750w\" sizes=\"auto, (max-width: 300px) 100vw, 300px\" \/><\/a><a href=\"https:\/\/www.senadojcimexico.org\/portal\/wp-content\/uploads\/2023\/01\/IMG_2612-scaled.jpg\"><img loading=\"lazy\" decoding=\"async\" class=\"alignleft wp-image-4438 size-medium\" src=\"https:\/\/www.senadojcimexico.org\/portal\/wp-content\/uploads\/2023\/01\/IMG_2612-300x225.jpg\" alt=\"\" width=\"300\" height=\"225\" srcset=\"https:\/\/www.senadojcimexico.org\/portal\/wp-content\/uploads\/2023\/01\/IMG_2612-300x225.jpg 300w, https:\/\/www.senadojcimexico.org\/portal\/wp-content\/uploads\/2023\/01\/IMG_2612-1024x768.jpg 1024w, https:\/\/www.senadojcimexico.org\/portal\/wp-content\/uploads\/2023\/01\/IMG_2612-768x576.jpg 768w, https:\/\/www.senadojcimexico.org\/portal\/wp-content\/uploads\/2023\/01\/IMG_2612-1536x1152.jpg 1536w, https:\/\/www.senadojcimexico.org\/portal\/wp-content\/uploads\/2023\/01\/IMG_2612-2048x1536.jpg 2048w, https:\/\/www.senadojcimexico.org\/portal\/wp-content\/uploads\/2023\/01\/IMG_2612-750x563.jpg 750w\" sizes=\"auto, (max-width: 300px) 100vw, 300px\" \/><\/a><a href=\"https:\/\/www.senadojcimexico.org\/portal\/wp-content\/uploads\/2023\/01\/IMG_2603-scaled.jpg\"><img loading=\"lazy\" decoding=\"async\" class=\"wp-image-4347 size-medium alignleft\" src=\"https:\/\/www.senadojcimexico.org\/portal\/wp-content\/uploads\/2023\/01\/IMG_2603-300x225.jpg\" alt=\"\" width=\"300\" height=\"225\" srcset=\"https:\/\/www.senadojcimexico.org\/portal\/wp-content\/uploads\/2023\/01\/IMG_2603-300x225.jpg 300w, https:\/\/www.senadojcimexico.org\/portal\/wp-content\/uploads\/2023\/01\/IMG_2603-1024x768.jpg 1024w, https:\/\/www.senadojcimexico.org\/portal\/wp-content\/uploads\/2023\/01\/IMG_2603-768x576.jpg 768w, https:\/\/www.senadojcimexico.org\/portal\/wp-content\/uploads\/2023\/01\/IMG_2603-1536x1152.jpg 1536w, https:\/\/www.senadojcimexico.org\/portal\/wp-content\/uploads\/2023\/01\/IMG_2603-2048x1536.jpg 2048w, https:\/\/www.senadojcimexico.org\/portal\/wp-content\/uploads\/2023\/01\/IMG_2603-750x563.jpg 750w\" sizes=\"auto, (max-width: 300px) 100vw, 300px\" \/><\/a><\/p>\n","protected":false},"excerpt":{"rendered":"<p>En el mes de noviembre de 2022, el Presidente Gerardo Ignacio Mendoza Rodr\u00edguez hizo una visita al Senado JCI de Oaxaca, siendo recibido por su Coordinador Carlos Jes\u00fas Olivera Esc\u00e1rraga, Senadores, Ex integrantes y amigos de la C\u00e1mara J\u00fanior de Oaxaca. Acompa\u00f1aron al Presidente Gerardo, su esposa Sen. Magda Tarin; las Senadoras Carmen Mendoza y &hellip; <\/p>\n<p><a class=\"more-link btn\" href=\"https:\/\/www.senadojcimexico.org\/portal\/visita-al-senado-jci-oaxaca\/\">Seguir leyendo<\/a><\/p>\n","protected":false},"author":1,"featured_media":4342,"comment_status":"closed","ping_status":"open","sticky":false,"template":"","format":"standard","meta":{"ngg_post_thumbnail":0,"footnotes":""},"categories":[9],"tags":[],"class_list":["post-4341","post","type-post","status-publish","format-standard","has-post-thumbnail","hentry","category-general","item-wrap"],"_links":{"self":[{"href":"https:\/\/www.senadojcimexico.org\/portal\/wp-json\/wp\/v2\/posts\/4341","targetHints":{"allow":["GET"]}}],"collection":[{"href":"https:\/\/www.senadojcimexico.org\/portal\/wp-json\/wp\/v2\/posts"}],"about":[{"href":"https:\/\/www.senadojcimexico.org\/portal\/wp-json\/wp\/v2\/types\/post"}],"author":[{"embeddable":true,"href":"https:\/\/www.senadojcimexico.org\/portal\/wp-json\/wp\/v2\/users\/1"}],"replies":[{"embeddable":true,"href":"https:\/\/www.senadojcimexico.org\/portal\/wp-json\/wp\/v2\/comments?post=4341"}],"version-history":[{"count":9,"href":"https:\/\/www.senadojcimexico.org\/portal\/wp-json\/wp\/v2\/posts\/4341\/revisions"}],"predecessor-version":[{"id":6904,"href":"https:\/\/www.senadojcimexico.org\/portal\/wp-json\/wp\/v2\/posts\/4341\/revisions\/6904"}],"wp:featuredmedia":[{"embeddable":true,"href":"https:\/\/www.senadojcimexico.org\/portal\/wp-json\/wp\/v2\/media\/4342"}],"wp:attachment":[{"href":"https:\/\/www.senadojcimexico.org\/portal\/wp-json\/wp\/v2\/media?parent=4341"}],"wp:term":[{"taxonomy":"category","embeddable":true,"href":"https:\/\/www.senadojcimexico.org\/portal\/wp-json\/wp\/v2\/categories?post=4341"},{"taxonomy":"post_tag","embeddable":true,"href":"https:\/\/www.senadojcimexico.org\/portal\/wp-json\/wp\/v2\/tags?post=4341"}],"curies":[{"name":"wp","href":"https:\/\/api.w.org\/{rel}","templated":true}]}}