{"id":3739,"date":"2023-01-14T19:54:07","date_gmt":"2023-01-15T01:54:07","guid":{"rendered":"https:\/\/www.senadojcimexico.org\/portal\/?p=3739"},"modified":"2024-12-10T11:06:42","modified_gmt":"2024-12-10T17:06:42","slug":"homenaje-a-la-senadora-ma-del-carmen-torres","status":"publish","type":"post","link":"https:\/\/www.senadojcimexico.org\/portal\/homenaje-a-la-senadora-ma-del-carmen-torres\/","title":{"rendered":"Homenaje a la Senadora Ma. del Carmen Torres"},"content":{"rendered":"<p style=\"text-align: justify;\">Durante la 77a. Convenci\u00f3n Nacional de la JCI M\u00e9xico y 36a. Convenci\u00f3n Nacional del Senado JCI de M\u00e9xico, A.C., se llev\u00f3 a cabo un homenaje a la Senadora JCI Ma. del Carmen Torres por su brillante trayectoria como miembro de JCI y Senadora.<\/p>\n<p style=\"text-align: justify;\"><a href=\"https:\/\/www.senadojcimexico.org\/portal\/wp-content\/uploads\/2023\/01\/PHOTO-2022-10-08-14-11-15.jpg\"><img loading=\"lazy\" decoding=\"async\" class=\"wp-image-3752 size-medium alignleft\" src=\"https:\/\/www.senadojcimexico.org\/portal\/wp-content\/uploads\/2023\/01\/PHOTO-2022-10-08-14-11-15-300x225.jpg\" alt=\"\" width=\"300\" height=\"225\" srcset=\"https:\/\/www.senadojcimexico.org\/portal\/wp-content\/uploads\/2023\/01\/PHOTO-2022-10-08-14-11-15-300x225.jpg 300w, https:\/\/www.senadojcimexico.org\/portal\/wp-content\/uploads\/2023\/01\/PHOTO-2022-10-08-14-11-15-1024x768.jpg 1024w, https:\/\/www.senadojcimexico.org\/portal\/wp-content\/uploads\/2023\/01\/PHOTO-2022-10-08-14-11-15-768x576.jpg 768w, https:\/\/www.senadojcimexico.org\/portal\/wp-content\/uploads\/2023\/01\/PHOTO-2022-10-08-14-11-15-1536x1152.jpg 1536w, https:\/\/www.senadojcimexico.org\/portal\/wp-content\/uploads\/2023\/01\/PHOTO-2022-10-08-14-11-15-750x563.jpg 750w, https:\/\/www.senadojcimexico.org\/portal\/wp-content\/uploads\/2023\/01\/PHOTO-2022-10-08-14-11-15.jpg 2016w\" sizes=\"auto, (max-width: 300px) 100vw, 300px\" \/><\/a>La senadora Torres Ontiveros ingres\u00f3 a la C\u00e1mara Junior Femenil de Tijuana en 1988; posteriormente, fue miembro de las C\u00e1maras Junior de la Ciudad de M\u00e9xico y de Puebla Femenil. Es graduada PRIME y de la 12\u00aa. Academia de Liderazgo en Hiroshima, Jap\u00f3n. Fue electa Presidenta Nacional de la JCI M\u00e9xico en 1999. Designada Asistente del Presidente Mundial Georges Bouverat y Directora del Consejo Americano de Desarrollo JCI en 2001. Facilitadora en la Academia de Liderazgo de las Am\u00e9ricas en Puerto Plata y en la Conferencia JCI en Santo Domingo, Rep. Dominicana en 2002.<\/p>\n<p style=\"text-align: justify;\">Fue Jurado del Concurso de Oratoria en el Congreso Mundial en Barcelona, Espa\u00f1a, en 2001. Presidenta del Senado JCI de M\u00e9xico en 2008 y Presidenta de la Asociaci\u00f3n de Senadores JCI de las Am\u00e9ricas y el Caribe en 2013. Es miembro Phil Pugsley Patron de la Fundaci\u00f3n JCI desde 2007.<\/p>\n<p style=\"text-align: justify;\">En su mensaje de agradecimiento, la Senadora Torres coment\u00f3:<\/p>\n<p style=\"text-align: justify;\">\u00ab<em>Un gran privilegio para m\u00ed el haber sido la Senadora JCI homenajeada en estas Convenciones Nacionales, 77ava. de la JCI M\u00e9xico y la 36ava. del Senado JCI M\u00e9xico. Agradezco sinceramente a la Presidenta de JCI M\u00e9xico Diana L. Hern\u00e1ndez M\u00e1rquez y al Presidente del Senado JCI M\u00e9xico, Gerardo I. Mendoza Rodr\u00edguez, esta honrosa designaci\u00f3n y reconozco que bajo su firme liderazgo y excelente trabajo en sus respectivas gestiones, han hecho posible un extraordinario encuentro que ha sido un parte aguas en el futuro de la JCI en nuestro pa\u00eds.<\/em><\/p>\n<p style=\"text-align: justify;\"><em>A los miembros de JCI M\u00e9xico y a mis queridos compa\u00f1eros Senadores JCI, mi respeto y gratitud por esas enormes muestras de cari\u00f1o que me profirieron a lo largo de los diferentes eventos de las Convenciones, siempre recordar\u00e9 con emoci\u00f3n esos maravillosos momentos que me hicieron pasar. La JCI me ha dado la oportunidad de servir a los dem\u00e1s, pero, especialmente, la amistad de quienes ahora son mis hermanos. <\/em><em>Como miembros vitalicios de la JCI, los Senadores nos debemos a ella y creo firmemente que debemos retribuirle algo o mucho de lo que nos ha dado, especialmente, contribuir al crecimiento y desarrollo de la JCI, actuar como mentores cuando se nos requiere y, sobre todo, compartir nuestras experiencias, logros y fracasos con las nuevas generaciones.\u00bb<\/em><\/p>\n<p><a href=\"https:\/\/www.senadojcimexico.org\/portal\/wp-content\/uploads\/2023\/01\/PHOTO-2022-10-08-14-11-16_1.jpg\"><img loading=\"lazy\" decoding=\"async\" class=\"aligncenter size-full wp-image-3755\" src=\"https:\/\/www.senadojcimexico.org\/portal\/wp-content\/uploads\/2023\/01\/PHOTO-2022-10-08-14-11-16_1.jpg\" alt=\"\" width=\"1600\" height=\"1200\" srcset=\"https:\/\/www.senadojcimexico.org\/portal\/wp-content\/uploads\/2023\/01\/PHOTO-2022-10-08-14-11-16_1.jpg 1600w, https:\/\/www.senadojcimexico.org\/portal\/wp-content\/uploads\/2023\/01\/PHOTO-2022-10-08-14-11-16_1-300x225.jpg 300w, https:\/\/www.senadojcimexico.org\/portal\/wp-content\/uploads\/2023\/01\/PHOTO-2022-10-08-14-11-16_1-1024x768.jpg 1024w, https:\/\/www.senadojcimexico.org\/portal\/wp-content\/uploads\/2023\/01\/PHOTO-2022-10-08-14-11-16_1-768x576.jpg 768w, https:\/\/www.senadojcimexico.org\/portal\/wp-content\/uploads\/2023\/01\/PHOTO-2022-10-08-14-11-16_1-1536x1152.jpg 1536w, https:\/\/www.senadojcimexico.org\/portal\/wp-content\/uploads\/2023\/01\/PHOTO-2022-10-08-14-11-16_1-750x563.jpg 750w\" sizes=\"auto, (max-width: 1600px) 100vw, 1600px\" \/><\/a><\/p>\n<p style=\"text-align: justify;\">&nbsp;<\/p>\n<p style=\"text-align: justify;\">&nbsp;<\/p>\n","protected":false},"excerpt":{"rendered":"<p>Durante la 77a. Convenci\u00f3n Nacional de la JCI M\u00e9xico y 36a. Convenci\u00f3n Nacional del Senado JCI de M\u00e9xico, A.C., se llev\u00f3 a cabo un homenaje a la Senadora JCI Ma. del Carmen Torres por su brillante trayectoria como miembro de JCI y Senadora. La senadora Torres Ontiveros ingres\u00f3 a la C\u00e1mara Junior Femenil de Tijuana &hellip; <\/p>\n<p><a class=\"more-link btn\" href=\"https:\/\/www.senadojcimexico.org\/portal\/homenaje-a-la-senadora-ma-del-carmen-torres\/\">Seguir leyendo<\/a><\/p>\n","protected":false},"author":1,"featured_media":3749,"comment_status":"closed","ping_status":"open","sticky":false,"template":"","format":"standard","meta":{"ngg_post_thumbnail":0,"footnotes":""},"categories":[9],"tags":[],"class_list":["post-3739","post","type-post","status-publish","format-standard","has-post-thumbnail","hentry","category-general","item-wrap"],"_links":{"self":[{"href":"https:\/\/www.senadojcimexico.org\/portal\/wp-json\/wp\/v2\/posts\/3739","targetHints":{"allow":["GET"]}}],"collection":[{"href":"https:\/\/www.senadojcimexico.org\/portal\/wp-json\/wp\/v2\/posts"}],"about":[{"href":"https:\/\/www.senadojcimexico.org\/portal\/wp-json\/wp\/v2\/types\/post"}],"author":[{"embeddable":true,"href":"https:\/\/www.senadojcimexico.org\/portal\/wp-json\/wp\/v2\/users\/1"}],"replies":[{"embeddable":true,"href":"https:\/\/www.senadojcimexico.org\/portal\/wp-json\/wp\/v2\/comments?post=3739"}],"version-history":[{"count":12,"href":"https:\/\/www.senadojcimexico.org\/portal\/wp-json\/wp\/v2\/posts\/3739\/revisions"}],"predecessor-version":[{"id":7720,"href":"https:\/\/www.senadojcimexico.org\/portal\/wp-json\/wp\/v2\/posts\/3739\/revisions\/7720"}],"wp:featuredmedia":[{"embeddable":true,"href":"https:\/\/www.senadojcimexico.org\/portal\/wp-json\/wp\/v2\/media\/3749"}],"wp:attachment":[{"href":"https:\/\/www.senadojcimexico.org\/portal\/wp-json\/wp\/v2\/media?parent=3739"}],"wp:term":[{"taxonomy":"category","embeddable":true,"href":"https:\/\/www.senadojcimexico.org\/portal\/wp-json\/wp\/v2\/categories?post=3739"},{"taxonomy":"post_tag","embeddable":true,"href":"https:\/\/www.senadojcimexico.org\/portal\/wp-json\/wp\/v2\/tags?post=3739"}],"curies":[{"name":"wp","href":"https:\/\/api.w.org\/{rel}","templated":true}]}}