{"id":3496,"date":"2021-07-01T22:46:42","date_gmt":"2021-07-02T03:46:42","guid":{"rendered":"https:\/\/www.senadojcimexico.org\/portal\/?p=3496"},"modified":"2024-12-10T11:06:41","modified_gmt":"2024-12-10T17:06:41","slug":"sesion-solemne-del-senado-jci-san-cristobal","status":"publish","type":"post","link":"https:\/\/www.senadojcimexico.org\/portal\/sesion-solemne-del-senado-jci-san-cristobal\/","title":{"rendered":"Sesi\u00f3n solemne del Senado JCI San Crist\u00f3bal"},"content":{"rendered":"<p style=\"text-align: justify;\"><a href=\"https:\/\/www.senadojcimexico.org\/portal\/wp-content\/uploads\/2021\/07\/PHOTO-2021-06-28-19-57-48.jpg\"><img loading=\"lazy\" decoding=\"async\" class=\"aligncenter size-full wp-image-3497\" src=\"https:\/\/www.senadojcimexico.org\/portal\/wp-content\/uploads\/2021\/07\/PHOTO-2021-06-28-19-57-48.jpg\" alt=\"\" width=\"1600\" height=\"894\" srcset=\"https:\/\/www.senadojcimexico.org\/portal\/wp-content\/uploads\/2021\/07\/PHOTO-2021-06-28-19-57-48.jpg 1600w, https:\/\/www.senadojcimexico.org\/portal\/wp-content\/uploads\/2021\/07\/PHOTO-2021-06-28-19-57-48-300x168.jpg 300w, https:\/\/www.senadojcimexico.org\/portal\/wp-content\/uploads\/2021\/07\/PHOTO-2021-06-28-19-57-48-1024x572.jpg 1024w, https:\/\/www.senadojcimexico.org\/portal\/wp-content\/uploads\/2021\/07\/PHOTO-2021-06-28-19-57-48-768x429.jpg 768w, https:\/\/www.senadojcimexico.org\/portal\/wp-content\/uploads\/2021\/07\/PHOTO-2021-06-28-19-57-48-1536x858.jpg 1536w\" sizes=\"auto, (max-width: 1600px) 100vw, 1600px\" \/><\/a><span data-offset-key=\"85kj2-0-0\">Sesi\u00f3n<\/span><span data-offset-key=\"85kj2-1-0\"> solemne del Senado JCI de San Crist\u00f3bal de Las Casas y de Yajal\u00f3n, Chiapas, organizada por el Vicepresidente del Senado en el \u00c1rea Sur, Rodolfo Samayoa Zepeda, para recibir al Presidente del senado JCI de M\u00e9xico, V\u00edctor Calder\u00f3n, al Senador Gilberto Larrinaga y a sus se\u00f1oras esposas Paula y Dulce Mar\u00eda. En la sesi\u00f3n estuvieron, adem\u00e1s de los funcionarios mencionados, las expresidentas de JCI M\u00e9xico, Anita Valdiviezo, Rub\u00ed Llaven y Marisol Gordillo, adem\u00e1s de los destacados Senadores JCI de San Crist\u00f3bal, entre los cuales est\u00e1n los expresidentes del Senado, Otoniel Ortega y Marco Antonio Santiago.<br \/>\n<\/span><\/p>\n<p>El Presidente V\u00edctor Calder\u00f3n se dirigi\u00f3 a los asistentes para comentar las actividades realizadas en el a\u00f1o, y especialmente la organizaci\u00f3n de la pr\u00f3xima XXXV Convenci\u00f3n Nacional del Senado a celebrarse del 7 al 10 de octubre en la ciudad de Guadalajara, Jalisco.<\/p>\n<p><a href=\"https:\/\/www.senadojcimexico.org\/portal\/wp-content\/uploads\/2021\/07\/PHOTO-2021-06-28-20-59-29_1.jpg\"><img loading=\"lazy\" decoding=\"async\" class=\"alignleft wp-image-3498 size-thumbnail\" src=\"https:\/\/www.senadojcimexico.org\/portal\/wp-content\/uploads\/2021\/07\/PHOTO-2021-06-28-20-59-29_1-150x150.jpg\" alt=\"\" width=\"150\" height=\"150\"><\/a> <a href=\"https:\/\/www.senadojcimexico.org\/portal\/wp-content\/uploads\/2021\/07\/PHOTO-2021-06-28-20-59-30.jpg\"><img loading=\"lazy\" decoding=\"async\" class=\"alignleft wp-image-3500 size-thumbnail\" src=\"https:\/\/www.senadojcimexico.org\/portal\/wp-content\/uploads\/2021\/07\/PHOTO-2021-06-28-20-59-30-150x150.jpg\" alt=\"\" width=\"150\" height=\"150\"><\/a> <a href=\"https:\/\/www.senadojcimexico.org\/portal\/wp-content\/uploads\/2021\/07\/PHOTO-2021-06-28-20-59-30_1.jpg\"><img loading=\"lazy\" decoding=\"async\" class=\"alignleft wp-image-3501 size-thumbnail\" src=\"https:\/\/www.senadojcimexico.org\/portal\/wp-content\/uploads\/2021\/07\/PHOTO-2021-06-28-20-59-30_1-150x150.jpg\" alt=\"\" width=\"150\" height=\"150\"><\/a> <a href=\"https:\/\/www.senadojcimexico.org\/portal\/wp-content\/uploads\/2021\/07\/PHOTO-2021-06-28-20-59-30_2.jpg\"><img loading=\"lazy\" decoding=\"async\" class=\"alignleft wp-image-3502 size-thumbnail\" src=\"https:\/\/www.senadojcimexico.org\/portal\/wp-content\/uploads\/2021\/07\/PHOTO-2021-06-28-20-59-30_2-150x150.jpg\" alt=\"\" width=\"150\" height=\"150\"><\/a> <a href=\"https:\/\/www.senadojcimexico.org\/portal\/wp-content\/uploads\/2021\/07\/PHOTO-2021-06-28-20-59-31.jpg\"><img loading=\"lazy\" decoding=\"async\" class=\"alignleft wp-image-3503 size-thumbnail\" src=\"https:\/\/www.senadojcimexico.org\/portal\/wp-content\/uploads\/2021\/07\/PHOTO-2021-06-28-20-59-31-150x150.jpg\" alt=\"\" width=\"150\" height=\"150\"><\/a> <a href=\"https:\/\/www.senadojcimexico.org\/portal\/wp-content\/uploads\/2021\/07\/PHOTO-2021-06-28-20-59-31_2.jpg\"><img loading=\"lazy\" decoding=\"async\" class=\"alignleft wp-image-3505 size-thumbnail\" src=\"https:\/\/www.senadojcimexico.org\/portal\/wp-content\/uploads\/2021\/07\/PHOTO-2021-06-28-20-59-31_2-150x150.jpg\" alt=\"\" width=\"150\" height=\"150\"><\/a> <a href=\"https:\/\/www.senadojcimexico.org\/portal\/wp-content\/uploads\/2021\/07\/PHOTO-2021-06-28-20-59-32.jpg\"><img loading=\"lazy\" decoding=\"async\" class=\"alignleft wp-image-3506 size-thumbnail\" src=\"https:\/\/www.senadojcimexico.org\/portal\/wp-content\/uploads\/2021\/07\/PHOTO-2021-06-28-20-59-32-150x150.jpg\" alt=\"\" width=\"150\" height=\"150\"><\/a> <a href=\"https:\/\/www.senadojcimexico.org\/portal\/wp-content\/uploads\/2021\/07\/PHOTO-2021-06-28-20-59-32_1.jpg\"><img loading=\"lazy\" decoding=\"async\" class=\"alignleft wp-image-3507 size-thumbnail\" src=\"https:\/\/www.senadojcimexico.org\/portal\/wp-content\/uploads\/2021\/07\/PHOTO-2021-06-28-20-59-32_1-150x150.jpg\" alt=\"\" width=\"150\" height=\"150\"><\/a><\/p>\n","protected":false},"excerpt":{"rendered":"<p>Sesi\u00f3n solemne del Senado JCI de San Crist\u00f3bal de Las Casas y de Yajal\u00f3n, Chiapas, organizada por el Vicepresidente del Senado en el \u00c1rea Sur, Rodolfo Samayoa Zepeda, para recibir al Presidente del senado JCI de M\u00e9xico, V\u00edctor Calder\u00f3n, al Senador Gilberto Larrinaga y a sus se\u00f1oras esposas Paula y Dulce Mar\u00eda. En la sesi\u00f3n &hellip; <\/p>\n<p><a class=\"more-link btn\" href=\"https:\/\/www.senadojcimexico.org\/portal\/sesion-solemne-del-senado-jci-san-cristobal\/\">Seguir leyendo<\/a><\/p>\n","protected":false},"author":1,"featured_media":3497,"comment_status":"closed","ping_status":"open","sticky":false,"template":"","format":"standard","meta":{"ngg_post_thumbnail":0,"footnotes":""},"categories":[9],"tags":[],"class_list":["post-3496","post","type-post","status-publish","format-standard","has-post-thumbnail","hentry","category-general","item-wrap"],"_links":{"self":[{"href":"https:\/\/www.senadojcimexico.org\/portal\/wp-json\/wp\/v2\/posts\/3496","targetHints":{"allow":["GET"]}}],"collection":[{"href":"https:\/\/www.senadojcimexico.org\/portal\/wp-json\/wp\/v2\/posts"}],"about":[{"href":"https:\/\/www.senadojcimexico.org\/portal\/wp-json\/wp\/v2\/types\/post"}],"author":[{"embeddable":true,"href":"https:\/\/www.senadojcimexico.org\/portal\/wp-json\/wp\/v2\/users\/1"}],"replies":[{"embeddable":true,"href":"https:\/\/www.senadojcimexico.org\/portal\/wp-json\/wp\/v2\/comments?post=3496"}],"version-history":[{"count":6,"href":"https:\/\/www.senadojcimexico.org\/portal\/wp-json\/wp\/v2\/posts\/3496\/revisions"}],"predecessor-version":[{"id":7700,"href":"https:\/\/www.senadojcimexico.org\/portal\/wp-json\/wp\/v2\/posts\/3496\/revisions\/7700"}],"wp:featuredmedia":[{"embeddable":true,"href":"https:\/\/www.senadojcimexico.org\/portal\/wp-json\/wp\/v2\/media\/3497"}],"wp:attachment":[{"href":"https:\/\/www.senadojcimexico.org\/portal\/wp-json\/wp\/v2\/media?parent=3496"}],"wp:term":[{"taxonomy":"category","embeddable":true,"href":"https:\/\/www.senadojcimexico.org\/portal\/wp-json\/wp\/v2\/categories?post=3496"},{"taxonomy":"post_tag","embeddable":true,"href":"https:\/\/www.senadojcimexico.org\/portal\/wp-json\/wp\/v2\/tags?post=3496"}],"curies":[{"name":"wp","href":"https:\/\/api.w.org\/{rel}","templated":true}]}}