{"id":3491,"date":"2021-06-28T00:24:47","date_gmt":"2021-06-28T05:24:47","guid":{"rendered":"https:\/\/www.senadojcimexico.org\/portal\/?p=3491"},"modified":"2024-12-10T11:06:41","modified_gmt":"2024-12-10T17:06:41","slug":"el-presidente-con-el-senado-jci-de-oaxaca","status":"publish","type":"post","link":"https:\/\/www.senadojcimexico.org\/portal\/el-presidente-con-el-senado-jci-de-oaxaca\/","title":{"rendered":"El Presidente con el Senado JCI de Oaxaca"},"content":{"rendered":"<p style=\"text-align: justify;\"><a href=\"https:\/\/www.senadojcimexico.org\/portal\/wp-content\/uploads\/2021\/06\/PHOTO-2021-06-27-14-44-14.jpg\"><img loading=\"lazy\" decoding=\"async\" class=\"aligncenter size-full wp-image-3492\" src=\"https:\/\/www.senadojcimexico.org\/portal\/wp-content\/uploads\/2021\/06\/PHOTO-2021-06-27-14-44-14.jpg\" alt=\"\" width=\"1600\" height=\"1200\" srcset=\"https:\/\/www.senadojcimexico.org\/portal\/wp-content\/uploads\/2021\/06\/PHOTO-2021-06-27-14-44-14.jpg 1600w, https:\/\/www.senadojcimexico.org\/portal\/wp-content\/uploads\/2021\/06\/PHOTO-2021-06-27-14-44-14-300x225.jpg 300w, https:\/\/www.senadojcimexico.org\/portal\/wp-content\/uploads\/2021\/06\/PHOTO-2021-06-27-14-44-14-1024x768.jpg 1024w, https:\/\/www.senadojcimexico.org\/portal\/wp-content\/uploads\/2021\/06\/PHOTO-2021-06-27-14-44-14-768x576.jpg 768w, https:\/\/www.senadojcimexico.org\/portal\/wp-content\/uploads\/2021\/06\/PHOTO-2021-06-27-14-44-14-1536x1152.jpg 1536w\" sizes=\"auto, (max-width: 1600px) 100vw, 1600px\" \/><\/a>El Senado JCI de Oaxaca, que coordina el Senador JCI Carlos Jes\u00fas Olivera, recibi\u00f3 al Presidente del Senado JCI M\u00e9xico V\u00edctor Calder\u00f3n en una sesi\u00f3n desayuno a la que asistieron los Senadores y asociados de la organizaci\u00f3n local. El Presidente del Senado estuvo acompa\u00f1ado de su distinguida esposa Paula; la Senadora JCI Esther Valdez Directora del Senado Verde; el Senador Gilberto Larrinaga y su se\u00f1ora esposa Dulce Mar\u00eda. El Presidente V\u00edctor habl\u00f3 de las actividades realizadas y de los preparativos de la pr\u00f3xima XXXV Convenci\u00f3n Nacional del Senado a realizarse en Guadalajara, del 7 al 10 de octubre. Durante la sesi\u00f3n, se entregaron nuevas Senadur\u00edas JCI a distinguidos miembros del Senado JCI Oaxaca.<\/p>\n<p><a href=\"https:\/\/www.senadojcimexico.org\/portal\/wp-content\/uploads\/2021\/07\/Oaxaca11.jpg\"><img loading=\"lazy\" decoding=\"async\" class=\"aligncenter size-full wp-image-3552\" src=\"https:\/\/www.senadojcimexico.org\/portal\/wp-content\/uploads\/2021\/07\/Oaxaca11.jpg\" alt=\"\" width=\"1179\" height=\"561\" srcset=\"https:\/\/www.senadojcimexico.org\/portal\/wp-content\/uploads\/2021\/07\/Oaxaca11.jpg 1179w, https:\/\/www.senadojcimexico.org\/portal\/wp-content\/uploads\/2021\/07\/Oaxaca11-300x143.jpg 300w, https:\/\/www.senadojcimexico.org\/portal\/wp-content\/uploads\/2021\/07\/Oaxaca11-1024x487.jpg 1024w, https:\/\/www.senadojcimexico.org\/portal\/wp-content\/uploads\/2021\/07\/Oaxaca11-768x365.jpg 768w\" sizes=\"auto, (max-width: 1179px) 100vw, 1179px\" \/><\/a><a href=\"https:\/\/www.senadojcimexico.org\/portal\/wp-content\/uploads\/2021\/06\/PHOTO-2021-06-27-14-44-15_1.jpg\"><img loading=\"lazy\" decoding=\"async\" class=\"alignleft wp-image-3562 size-thumbnail\" src=\"https:\/\/www.senadojcimexico.org\/portal\/wp-content\/uploads\/2021\/06\/PHOTO-2021-06-27-14-44-15_1-150x150.jpg\" alt=\"\" width=\"150\" height=\"150\"><\/a><a href=\"https:\/\/www.senadojcimexico.org\/portal\/wp-content\/uploads\/2021\/06\/PHOTO-2021-06-27-14-44-15.jpg\"><img loading=\"lazy\" decoding=\"async\" class=\"alignleft wp-image-3561 size-thumbnail\" src=\"https:\/\/www.senadojcimexico.org\/portal\/wp-content\/uploads\/2021\/06\/PHOTO-2021-06-27-14-44-15-150x150.jpg\" alt=\"\" width=\"150\" height=\"150\"><\/a><a href=\"https:\/\/www.senadojcimexico.org\/portal\/wp-content\/uploads\/2021\/06\/PHOTO-2021-06-27-14-44-14_3.jpg\"><img loading=\"lazy\" decoding=\"async\" class=\"alignleft wp-image-3560 size-thumbnail\" src=\"https:\/\/www.senadojcimexico.org\/portal\/wp-content\/uploads\/2021\/06\/PHOTO-2021-06-27-14-44-14_3-150x150.jpg\" alt=\"\" width=\"150\" height=\"150\"><\/a><a href=\"https:\/\/www.senadojcimexico.org\/portal\/wp-content\/uploads\/2021\/06\/PHOTO-2021-06-27-14-44-14_2.jpg\"><img loading=\"lazy\" decoding=\"async\" class=\"alignleft wp-image-3559 size-thumbnail\" src=\"https:\/\/www.senadojcimexico.org\/portal\/wp-content\/uploads\/2021\/06\/PHOTO-2021-06-27-14-44-14_2-150x150.jpg\" alt=\"\" width=\"150\" height=\"150\"><\/a><\/p>\n<p>&nbsp;<\/p>\n<p>&nbsp;<\/p>\n<p>&nbsp;<\/p>\n<p><a href=\"https:\/\/www.senadojcimexico.org\/portal\/wp-content\/uploads\/2021\/06\/PHOTO-2021-07-06-16-28-26_2.jpg\"><img loading=\"lazy\" decoding=\"async\" class=\"alignleft wp-image-3571 size-thumbnail\" src=\"https:\/\/www.senadojcimexico.org\/portal\/wp-content\/uploads\/2021\/06\/PHOTO-2021-07-06-16-28-26_2-150x150.jpg\" alt=\"\" width=\"150\" height=\"150\"><\/a><a href=\"https:\/\/www.senadojcimexico.org\/portal\/wp-content\/uploads\/2021\/06\/PHOTO-2021-07-06-16-28-25_1.jpg\"><img loading=\"lazy\" decoding=\"async\" class=\"alignleft wp-image-3568 size-thumbnail\" src=\"https:\/\/www.senadojcimexico.org\/portal\/wp-content\/uploads\/2021\/06\/PHOTO-2021-07-06-16-28-25_1-150x150.jpg\" alt=\"\" width=\"150\" height=\"150\"><\/a><a href=\"https:\/\/www.senadojcimexico.org\/portal\/wp-content\/uploads\/2021\/06\/PHOTO-2021-07-06-16-28-26.jpg\"><img loading=\"lazy\" decoding=\"async\" class=\"alignleft wp-image-3569 size-thumbnail\" src=\"https:\/\/www.senadojcimexico.org\/portal\/wp-content\/uploads\/2021\/06\/PHOTO-2021-07-06-16-28-26-150x150.jpg\" alt=\"\" width=\"150\" height=\"150\"><\/a><a href=\"https:\/\/www.senadojcimexico.org\/portal\/wp-content\/uploads\/2021\/06\/PHOTO-2021-06-27-14-44-15_3.jpg\"><img loading=\"lazy\" decoding=\"async\" class=\"alignleft wp-image-3564 size-thumbnail\" src=\"https:\/\/www.senadojcimexico.org\/portal\/wp-content\/uploads\/2021\/06\/PHOTO-2021-06-27-14-44-15_3-150x150.jpg\" alt=\"\" width=\"150\" height=\"150\"><\/a><a href=\"https:\/\/www.senadojcimexico.org\/portal\/wp-content\/uploads\/2021\/06\/PHOTO-2021-06-27-14-44-15_2.jpg\"><img loading=\"lazy\" decoding=\"async\" class=\"alignleft wp-image-3563 size-thumbnail\" src=\"https:\/\/www.senadojcimexico.org\/portal\/wp-content\/uploads\/2021\/06\/PHOTO-2021-06-27-14-44-15_2-150x150.jpg\" alt=\"\" width=\"150\" height=\"150\"><\/a><a href=\"https:\/\/www.senadojcimexico.org\/portal\/wp-content\/uploads\/2021\/06\/PHOTO-2021-06-27-14-44-14_1.jpg\"><img loading=\"lazy\" decoding=\"async\" class=\"wp-image-3558 size-thumbnail alignleft\" src=\"https:\/\/www.senadojcimexico.org\/portal\/wp-content\/uploads\/2021\/06\/PHOTO-2021-06-27-14-44-14_1-150x150.jpg\" alt=\"\" width=\"150\" height=\"150\"><\/a><a href=\"https:\/\/www.senadojcimexico.org\/portal\/wp-content\/uploads\/2021\/06\/PHOTO-2021-07-06-16-28-28.jpg\"><img loading=\"lazy\" decoding=\"async\" class=\"alignleft wp-image-3570 size-thumbnail\" src=\"https:\/\/www.senadojcimexico.org\/portal\/wp-content\/uploads\/2021\/06\/PHOTO-2021-07-06-16-28-28-150x150.jpg\" alt=\"\" width=\"150\" height=\"150\"><\/a><a href=\"https:\/\/www.senadojcimexico.org\/portal\/wp-content\/uploads\/2021\/06\/PHOTO-2021-07-06-16-28-29_1.jpg\"><img loading=\"lazy\" decoding=\"async\" class=\"alignleft wp-image-3576 size-thumbnail\" src=\"https:\/\/www.senadojcimexico.org\/portal\/wp-content\/uploads\/2021\/06\/PHOTO-2021-07-06-16-28-29_1-150x150.jpg\" alt=\"\" width=\"150\" height=\"150\"><\/a><a href=\"https:\/\/www.senadojcimexico.org\/portal\/wp-content\/uploads\/2021\/06\/PHOTO-2021-07-06-16-28-24.jpg\"><img loading=\"lazy\" decoding=\"async\" class=\"alignleft wp-image-3566 size-thumbnail\" src=\"https:\/\/www.senadojcimexico.org\/portal\/wp-content\/uploads\/2021\/06\/PHOTO-2021-07-06-16-28-24-150x150.jpg\" alt=\"\" width=\"150\" height=\"150\"><\/a><a href=\"https:\/\/www.senadojcimexico.org\/portal\/wp-content\/uploads\/2021\/06\/PHOTO-2021-07-06-16-28-29.jpg\"><img loading=\"lazy\" decoding=\"async\" class=\"alignleft wp-image-3575 size-thumbnail\" src=\"https:\/\/www.senadojcimexico.org\/portal\/wp-content\/uploads\/2021\/06\/PHOTO-2021-07-06-16-28-29-150x150.jpg\" alt=\"\" width=\"150\" height=\"150\"><\/a><a href=\"https:\/\/www.senadojcimexico.org\/portal\/wp-content\/uploads\/2021\/06\/PHOTO-2021-07-06-16-28-29_2.jpg\"><img loading=\"lazy\" decoding=\"async\" class=\"alignleft wp-image-3577 size-thumbnail\" src=\"https:\/\/www.senadojcimexico.org\/portal\/wp-content\/uploads\/2021\/06\/PHOTO-2021-07-06-16-28-29_2-150x150.jpg\" alt=\"\" width=\"150\" height=\"150\"><\/a><a href=\"https:\/\/www.senadojcimexico.org\/portal\/wp-content\/uploads\/2021\/06\/PHOTO-2021-07-06-16-28-28_3.jpg\"><img loading=\"lazy\" decoding=\"async\" class=\"alignleft wp-image-3573 size-thumbnail\" src=\"https:\/\/www.senadojcimexico.org\/portal\/wp-content\/uploads\/2021\/06\/PHOTO-2021-07-06-16-28-28_3-150x150.jpg\" alt=\"\" width=\"150\" height=\"150\"><\/a><\/p>\n","protected":false},"excerpt":{"rendered":"<p>El Senado JCI de Oaxaca, que coordina el Senador JCI Carlos Jes\u00fas Olivera, recibi\u00f3 al Presidente del Senado JCI M\u00e9xico V\u00edctor Calder\u00f3n en una sesi\u00f3n desayuno a la que asistieron los Senadores y asociados de la organizaci\u00f3n local. El Presidente del Senado estuvo acompa\u00f1ado de su distinguida esposa Paula; la Senadora JCI Esther Valdez Directora &hellip; <\/p>\n<p><a class=\"more-link btn\" href=\"https:\/\/www.senadojcimexico.org\/portal\/el-presidente-con-el-senado-jci-de-oaxaca\/\">Seguir leyendo<\/a><\/p>\n","protected":false},"author":1,"featured_media":3492,"comment_status":"closed","ping_status":"open","sticky":false,"template":"","format":"standard","meta":{"ngg_post_thumbnail":0,"footnotes":""},"categories":[9],"tags":[],"class_list":["post-3491","post","type-post","status-publish","format-standard","has-post-thumbnail","hentry","category-general","item-wrap"],"_links":{"self":[{"href":"https:\/\/www.senadojcimexico.org\/portal\/wp-json\/wp\/v2\/posts\/3491","targetHints":{"allow":["GET"]}}],"collection":[{"href":"https:\/\/www.senadojcimexico.org\/portal\/wp-json\/wp\/v2\/posts"}],"about":[{"href":"https:\/\/www.senadojcimexico.org\/portal\/wp-json\/wp\/v2\/types\/post"}],"author":[{"embeddable":true,"href":"https:\/\/www.senadojcimexico.org\/portal\/wp-json\/wp\/v2\/users\/1"}],"replies":[{"embeddable":true,"href":"https:\/\/www.senadojcimexico.org\/portal\/wp-json\/wp\/v2\/comments?post=3491"}],"version-history":[{"count":10,"href":"https:\/\/www.senadojcimexico.org\/portal\/wp-json\/wp\/v2\/posts\/3491\/revisions"}],"predecessor-version":[{"id":7698,"href":"https:\/\/www.senadojcimexico.org\/portal\/wp-json\/wp\/v2\/posts\/3491\/revisions\/7698"}],"wp:featuredmedia":[{"embeddable":true,"href":"https:\/\/www.senadojcimexico.org\/portal\/wp-json\/wp\/v2\/media\/3492"}],"wp:attachment":[{"href":"https:\/\/www.senadojcimexico.org\/portal\/wp-json\/wp\/v2\/media?parent=3491"}],"wp:term":[{"taxonomy":"category","embeddable":true,"href":"https:\/\/www.senadojcimexico.org\/portal\/wp-json\/wp\/v2\/categories?post=3491"},{"taxonomy":"post_tag","embeddable":true,"href":"https:\/\/www.senadojcimexico.org\/portal\/wp-json\/wp\/v2\/tags?post=3491"}],"curies":[{"name":"wp","href":"https:\/\/api.w.org\/{rel}","templated":true}]}}