{"id":3463,"date":"2021-06-27T22:04:30","date_gmt":"2021-06-28T03:04:30","guid":{"rendered":"https:\/\/www.senadojcimexico.org\/portal\/?p=3463"},"modified":"2024-12-10T11:06:41","modified_gmt":"2024-12-10T17:06:41","slug":"el-presidente-del-senado-en-zacatlan","status":"publish","type":"post","link":"https:\/\/www.senadojcimexico.org\/portal\/el-presidente-del-senado-en-zacatlan\/","title":{"rendered":"El Presidente del Senado visit\u00f3 Zacatl\u00e1n"},"content":{"rendered":"<p style=\"text-align: justify;\"><a href=\"https:\/\/www.senadojcimexico.org\/portal\/wp-content\/uploads\/2021\/06\/PHOTO-2021-06-22-18-34-56.jpg\"><img loading=\"lazy\" decoding=\"async\" class=\"aligncenter size-full wp-image-3464\" src=\"https:\/\/www.senadojcimexico.org\/portal\/wp-content\/uploads\/2021\/06\/PHOTO-2021-06-22-18-34-56.jpg\" alt=\"\" width=\"1034\" height=\"714\" srcset=\"https:\/\/www.senadojcimexico.org\/portal\/wp-content\/uploads\/2021\/06\/PHOTO-2021-06-22-18-34-56.jpg 1034w, https:\/\/www.senadojcimexico.org\/portal\/wp-content\/uploads\/2021\/06\/PHOTO-2021-06-22-18-34-56-300x207.jpg 300w, https:\/\/www.senadojcimexico.org\/portal\/wp-content\/uploads\/2021\/06\/PHOTO-2021-06-22-18-34-56-1024x707.jpg 1024w, https:\/\/www.senadojcimexico.org\/portal\/wp-content\/uploads\/2021\/06\/PHOTO-2021-06-22-18-34-56-768x530.jpg 768w\" sizes=\"auto, (max-width: 1034px) 100vw, 1034px\" \/><\/a>El Senado JCI de Zacatl\u00e1n recibi\u00f3 al Presidente del Senado V\u00edctor Calder\u00f3n. En la comitiva del Presidente estuvieron su se\u00f1ora esposa Paula y el Senador Gilberto Larrinaga y su se\u00f1ora esposa Dulce Mar\u00eda; la Senadora M\u00f3nica Ramos, Secretaria General del Senado y la Senadora Esther Valdez, Directora del Senado Verde. El Coordinador del Senado JCI de Zacatl\u00e1n, Enrique Trejo presidi\u00f3 la reuni\u00f3n en la que recibieron al Presidente del Senado y a la Secretaria General, M\u00f3nica Ramos, as\u00ed como a la Directora del Senado Verde Esther Valdez. El Senador Enrique Trejo entreg\u00f3 presentes conmemorativos de Zacatl\u00e1n a los visitantes.<\/p>\n<p><a href=\"https:\/\/www.senadojcimexico.org\/portal\/wp-content\/uploads\/2021\/06\/PHOTO-2021-06-22-18-34-56_1.jpg\"><img loading=\"lazy\" decoding=\"async\" class=\"alignleft wp-image-3469 size-thumbnail\" src=\"https:\/\/www.senadojcimexico.org\/portal\/wp-content\/uploads\/2021\/06\/PHOTO-2021-06-22-18-34-56_1-150x150.jpg\" alt=\"\" width=\"150\" height=\"150\"><\/a> <a href=\"https:\/\/www.senadojcimexico.org\/portal\/wp-content\/uploads\/2021\/06\/PHOTO-2021-06-22-18-51-11.jpg\"><img loading=\"lazy\" decoding=\"async\" class=\"alignleft wp-image-3472 size-thumbnail\" src=\"https:\/\/www.senadojcimexico.org\/portal\/wp-content\/uploads\/2021\/06\/PHOTO-2021-06-22-18-51-11-150x150.jpg\" alt=\"\" width=\"150\" height=\"150\"><\/a> <a href=\"https:\/\/www.senadojcimexico.org\/portal\/wp-content\/uploads\/2021\/06\/PHOTO-2021-06-22-19-15-56.jpg\"><img loading=\"lazy\" decoding=\"async\" class=\"alignleft wp-image-3473 size-thumbnail\" src=\"https:\/\/www.senadojcimexico.org\/portal\/wp-content\/uploads\/2021\/06\/PHOTO-2021-06-22-19-15-56-150x150.jpg\" alt=\"\" width=\"150\" height=\"150\"><\/a> <a href=\"https:\/\/www.senadojcimexico.org\/portal\/wp-content\/uploads\/2021\/06\/PHOTO-2021-06-22-21-57-11.jpg\"><img loading=\"lazy\" decoding=\"async\" class=\"alignleft wp-image-3474 size-thumbnail\" src=\"https:\/\/www.senadojcimexico.org\/portal\/wp-content\/uploads\/2021\/06\/PHOTO-2021-06-22-21-57-11-150x150.jpg\" alt=\"\" width=\"150\" height=\"150\"><\/a> <a href=\"https:\/\/www.senadojcimexico.org\/portal\/wp-content\/uploads\/2021\/06\/PHOTO-2021-06-22-21-58-01.jpg\"><img loading=\"lazy\" decoding=\"async\" class=\"alignleft wp-image-3475 size-thumbnail\" src=\"https:\/\/www.senadojcimexico.org\/portal\/wp-content\/uploads\/2021\/06\/PHOTO-2021-06-22-21-58-01-150x150.jpg\" alt=\"\" width=\"150\" height=\"150\"><\/a> <a href=\"https:\/\/www.senadojcimexico.org\/portal\/wp-content\/uploads\/2021\/06\/PHOTO-2021-06-22-21-58-24.jpg\"><img loading=\"lazy\" decoding=\"async\" class=\"alignleft wp-image-3476 size-thumbnail\" src=\"https:\/\/www.senadojcimexico.org\/portal\/wp-content\/uploads\/2021\/06\/PHOTO-2021-06-22-21-58-24-150x150.jpg\" alt=\"\" width=\"150\" height=\"150\"><\/a> <a href=\"https:\/\/www.senadojcimexico.org\/portal\/wp-content\/uploads\/2021\/06\/PHOTO-2021-06-22-21-58-46.jpg\"><img loading=\"lazy\" decoding=\"async\" class=\"alignleft wp-image-3477 size-thumbnail\" src=\"https:\/\/www.senadojcimexico.org\/portal\/wp-content\/uploads\/2021\/06\/PHOTO-2021-06-22-21-58-46-150x150.jpg\" alt=\"\" width=\"150\" height=\"150\"><\/a> <a href=\"https:\/\/www.senadojcimexico.org\/portal\/wp-content\/uploads\/2021\/06\/PHOTO-2021-06-22-21-59-11.jpg\"><img loading=\"lazy\" decoding=\"async\" class=\"alignleft wp-image-3478 size-thumbnail\" src=\"https:\/\/www.senadojcimexico.org\/portal\/wp-content\/uploads\/2021\/06\/PHOTO-2021-06-22-21-59-11-150x150.jpg\" alt=\"\" width=\"150\" height=\"150\"><\/a> <a href=\"https:\/\/www.senadojcimexico.org\/portal\/wp-content\/uploads\/2021\/06\/PHOTO-2021-06-22-22-01-37.jpg\"><img loading=\"lazy\" decoding=\"async\" class=\"alignleft wp-image-3479 size-thumbnail\" src=\"https:\/\/www.senadojcimexico.org\/portal\/wp-content\/uploads\/2021\/06\/PHOTO-2021-06-22-22-01-37-150x150.jpg\" alt=\"\" width=\"150\" height=\"150\"><\/a> <a href=\"https:\/\/www.senadojcimexico.org\/portal\/wp-content\/uploads\/2021\/06\/PHOTO-2021-06-22-22-05-53.jpg\"><img loading=\"lazy\" decoding=\"async\" class=\"alignleft wp-image-3480 size-thumbnail\" src=\"https:\/\/www.senadojcimexico.org\/portal\/wp-content\/uploads\/2021\/06\/PHOTO-2021-06-22-22-05-53-150x150.jpg\" alt=\"\" width=\"150\" height=\"150\"><\/a> <a href=\"https:\/\/www.senadojcimexico.org\/portal\/wp-content\/uploads\/2021\/06\/PHOTO-2021-06-22-23-03-00.jpg\"><img loading=\"lazy\" decoding=\"async\" class=\"alignleft wp-image-3481 size-thumbnail\" src=\"https:\/\/www.senadojcimexico.org\/portal\/wp-content\/uploads\/2021\/06\/PHOTO-2021-06-22-23-03-00-150x150.jpg\" alt=\"\" width=\"150\" height=\"150\"><\/a> <a href=\"https:\/\/www.senadojcimexico.org\/portal\/wp-content\/uploads\/2021\/06\/PHOTO-2021-06-22-23-03-28.jpg\"><img loading=\"lazy\" decoding=\"async\" class=\"alignleft wp-image-3482 size-thumbnail\" src=\"https:\/\/www.senadojcimexico.org\/portal\/wp-content\/uploads\/2021\/06\/PHOTO-2021-06-22-23-03-28-150x150.jpg\" alt=\"\" width=\"150\" height=\"150\"><\/a> <a href=\"https:\/\/www.senadojcimexico.org\/portal\/wp-content\/uploads\/2021\/06\/PHOTO-2021-06-22-23-04-00.jpg\"><img loading=\"lazy\" decoding=\"async\" class=\"wp-image-3483 size-thumbnail alignleft\" src=\"https:\/\/www.senadojcimexico.org\/portal\/wp-content\/uploads\/2021\/06\/PHOTO-2021-06-22-23-04-00-150x150.jpg\" alt=\"\" width=\"150\" height=\"150\"><\/a> <a href=\"https:\/\/www.senadojcimexico.org\/portal\/wp-content\/uploads\/2021\/06\/PHOTO-2021-06-22-23-04-23.jpg\"><img loading=\"lazy\" decoding=\"async\" class=\"alignleft wp-image-3484 size-thumbnail\" src=\"https:\/\/www.senadojcimexico.org\/portal\/wp-content\/uploads\/2021\/06\/PHOTO-2021-06-22-23-04-23-150x150.jpg\" alt=\"\" width=\"150\" height=\"150\"><\/a> <a href=\"https:\/\/www.senadojcimexico.org\/portal\/wp-content\/uploads\/2021\/06\/PHOTO-2021-06-22-23-04-32.jpg\"><img loading=\"lazy\" decoding=\"async\" class=\"alignleft wp-image-3485 size-thumbnail\" src=\"https:\/\/www.senadojcimexico.org\/portal\/wp-content\/uploads\/2021\/06\/PHOTO-2021-06-22-23-04-32-150x150.jpg\" alt=\"\" width=\"150\" height=\"150\"><\/a><a href=\"https:\/\/www.senadojcimexico.org\/portal\/wp-content\/uploads\/2021\/06\/PHOTO-2021-06-22-18-37-01-1.jpg\"><img loading=\"lazy\" decoding=\"async\" class=\"alignleft wp-image-3487 size-thumbnail\" src=\"https:\/\/www.senadojcimexico.org\/portal\/wp-content\/uploads\/2021\/06\/PHOTO-2021-06-22-18-37-01-1-150x150.jpg\" alt=\"\" width=\"150\" height=\"150\"><\/a><\/p>\n","protected":false},"excerpt":{"rendered":"<p>El Senado JCI de Zacatl\u00e1n recibi\u00f3 al Presidente del Senado V\u00edctor Calder\u00f3n. En la comitiva del Presidente estuvieron su se\u00f1ora esposa Paula y el Senador Gilberto Larrinaga y su se\u00f1ora esposa Dulce Mar\u00eda; la Senadora M\u00f3nica Ramos, Secretaria General del Senado y la Senadora Esther Valdez, Directora del Senado Verde. El Coordinador del Senado JCI &hellip; <\/p>\n<p><a class=\"more-link btn\" href=\"https:\/\/www.senadojcimexico.org\/portal\/el-presidente-del-senado-en-zacatlan\/\">Seguir leyendo<\/a><\/p>\n","protected":false},"author":1,"featured_media":3464,"comment_status":"closed","ping_status":"open","sticky":false,"template":"","format":"standard","meta":{"ngg_post_thumbnail":0,"footnotes":""},"categories":[9],"tags":[],"class_list":["post-3463","post","type-post","status-publish","format-standard","has-post-thumbnail","hentry","category-general","item-wrap"],"_links":{"self":[{"href":"https:\/\/www.senadojcimexico.org\/portal\/wp-json\/wp\/v2\/posts\/3463","targetHints":{"allow":["GET"]}}],"collection":[{"href":"https:\/\/www.senadojcimexico.org\/portal\/wp-json\/wp\/v2\/posts"}],"about":[{"href":"https:\/\/www.senadojcimexico.org\/portal\/wp-json\/wp\/v2\/types\/post"}],"author":[{"embeddable":true,"href":"https:\/\/www.senadojcimexico.org\/portal\/wp-json\/wp\/v2\/users\/1"}],"replies":[{"embeddable":true,"href":"https:\/\/www.senadojcimexico.org\/portal\/wp-json\/wp\/v2\/comments?post=3463"}],"version-history":[{"count":10,"href":"https:\/\/www.senadojcimexico.org\/portal\/wp-json\/wp\/v2\/posts\/3463\/revisions"}],"predecessor-version":[{"id":7696,"href":"https:\/\/www.senadojcimexico.org\/portal\/wp-json\/wp\/v2\/posts\/3463\/revisions\/7696"}],"wp:featuredmedia":[{"embeddable":true,"href":"https:\/\/www.senadojcimexico.org\/portal\/wp-json\/wp\/v2\/media\/3464"}],"wp:attachment":[{"href":"https:\/\/www.senadojcimexico.org\/portal\/wp-json\/wp\/v2\/media?parent=3463"}],"wp:term":[{"taxonomy":"category","embeddable":true,"href":"https:\/\/www.senadojcimexico.org\/portal\/wp-json\/wp\/v2\/categories?post=3463"},{"taxonomy":"post_tag","embeddable":true,"href":"https:\/\/www.senadojcimexico.org\/portal\/wp-json\/wp\/v2\/tags?post=3463"}],"curies":[{"name":"wp","href":"https:\/\/api.w.org\/{rel}","templated":true}]}}