{"id":3428,"date":"2021-06-27T21:15:52","date_gmt":"2021-06-28T02:15:52","guid":{"rendered":"https:\/\/www.senadojcimexico.org\/portal\/?p=3428"},"modified":"2024-12-10T11:06:41","modified_gmt":"2024-12-10T17:06:41","slug":"el-presidente-del-senado-recibido-por-jci-yautepec","status":"publish","type":"post","link":"https:\/\/www.senadojcimexico.org\/portal\/el-presidente-del-senado-recibido-por-jci-yautepec\/","title":{"rendered":"El Presidente del Senado recibido por JCI Yautepec"},"content":{"rendered":"<p style=\"text-align: justify;\"><a href=\"https:\/\/www.senadojcimexico.org\/portal\/wp-content\/uploads\/2021\/06\/PHOTO-2021-06-21-09-24-22.jpg\"><img loading=\"lazy\" decoding=\"async\" class=\"aligncenter size-full wp-image-3429\" src=\"https:\/\/www.senadojcimexico.org\/portal\/wp-content\/uploads\/2021\/06\/PHOTO-2021-06-21-09-24-22.jpg\" alt=\"\" width=\"960\" height=\"720\" srcset=\"https:\/\/www.senadojcimexico.org\/portal\/wp-content\/uploads\/2021\/06\/PHOTO-2021-06-21-09-24-22.jpg 960w, https:\/\/www.senadojcimexico.org\/portal\/wp-content\/uploads\/2021\/06\/PHOTO-2021-06-21-09-24-22-300x225.jpg 300w, https:\/\/www.senadojcimexico.org\/portal\/wp-content\/uploads\/2021\/06\/PHOTO-2021-06-21-09-24-22-768x576.jpg 768w\" sizes=\"auto, (max-width: 960px) 100vw, 960px\" \/>El <\/a>Presidente del Senado JCI de M\u00e9xico, V\u00edctor Calder\u00f3n, fue testigo de la sesi\u00f3n de transmisi\u00f3n de mando en JCI Yautepec, de la Presidenta saliente Kristal Flores, a la Presidenta entrante, Alejandra Heras. Asisti\u00f3 tambi\u00e9n a la toma de protesta de nuevos socios. Acompa\u00f1aron al Presidente,, su se\u00f1ora esposa Paula y el Senador Gilberto Larrinaga y su se\u00f1ora esposa Dulce Mar\u00eda; la Senadora M\u00f3nica Ramos, Secretaria General del Senado; la Senadora Ana Brenda Gonz\u00e1lez, pasada VP JCI y la senadora Mariel Idannia Gonz\u00e1lez. Durante la sesi\u00f3n, hubo toma de protesta de nueve nuevos socios de JCI Yautepec y una sesi\u00f3n de capacitaci\u00f3n a cargo de la Senadora M\u00f3nica Ramos.<\/p>\n<p><a href=\"https:\/\/www.senadojcimexico.org\/portal\/wp-content\/uploads\/2021\/06\/PHOTO-2021-06-21-09-19-48_1.jpg\"><img loading=\"lazy\" decoding=\"async\" class=\"aligncenter size-full wp-image-3459\" src=\"https:\/\/www.senadojcimexico.org\/portal\/wp-content\/uploads\/2021\/06\/PHOTO-2021-06-21-09-19-48_1.jpg\" alt=\"\" width=\"1280\" height=\"390\" srcset=\"https:\/\/www.senadojcimexico.org\/portal\/wp-content\/uploads\/2021\/06\/PHOTO-2021-06-21-09-19-48_1.jpg 1280w, https:\/\/www.senadojcimexico.org\/portal\/wp-content\/uploads\/2021\/06\/PHOTO-2021-06-21-09-19-48_1-300x91.jpg 300w, https:\/\/www.senadojcimexico.org\/portal\/wp-content\/uploads\/2021\/06\/PHOTO-2021-06-21-09-19-48_1-1024x312.jpg 1024w, https:\/\/www.senadojcimexico.org\/portal\/wp-content\/uploads\/2021\/06\/PHOTO-2021-06-21-09-19-48_1-768x234.jpg 768w\" sizes=\"auto, (max-width: 1280px) 100vw, 1280px\" \/><\/a><a href=\"https:\/\/www.senadojcimexico.org\/portal\/wp-content\/uploads\/2021\/06\/205328971_975663109855912_5153449406567291035_n.jpg\"><img loading=\"lazy\" decoding=\"async\" class=\"wp-image-3452 size-thumbnail alignleft\" src=\"https:\/\/www.senadojcimexico.org\/portal\/wp-content\/uploads\/2021\/06\/205328971_975663109855912_5153449406567291035_n-150x150.jpg\" alt=\"\" width=\"150\" height=\"150\"><\/a><a href=\"https:\/\/www.senadojcimexico.org\/portal\/wp-content\/uploads\/2021\/06\/PHOTO-2021-06-21-09-18-57.jpg\"><img loading=\"lazy\" decoding=\"async\" class=\"alignleft wp-image-3458 size-thumbnail\" src=\"https:\/\/www.senadojcimexico.org\/portal\/wp-content\/uploads\/2021\/06\/PHOTO-2021-06-21-09-18-57-150x150.jpg\" alt=\"\" width=\"150\" height=\"150\"><\/a><a href=\"https:\/\/www.senadojcimexico.org\/portal\/wp-content\/uploads\/2021\/06\/204877040_975662803189276_4864953339413848967_n.jpg\"><img loading=\"lazy\" decoding=\"async\" class=\"alignleft wp-image-3444 size-thumbnail\" src=\"https:\/\/www.senadojcimexico.org\/portal\/wp-content\/uploads\/2021\/06\/204877040_975662803189276_4864953339413848967_n-150x150.jpg\" alt=\"\" width=\"150\" height=\"150\"><\/a><a href=\"https:\/\/www.senadojcimexico.org\/portal\/wp-content\/uploads\/2021\/06\/204193292_975663189855904_7653608439619864477_n.jpg\"><img loading=\"lazy\" decoding=\"async\" class=\"alignleft wp-image-3440 size-thumbnail\" src=\"https:\/\/www.senadojcimexico.org\/portal\/wp-content\/uploads\/2021\/06\/204193292_975663189855904_7653608439619864477_n-150x150.jpg\" alt=\"\" width=\"150\" height=\"150\"><\/a><a href=\"https:\/\/www.senadojcimexico.org\/portal\/wp-content\/uploads\/2021\/06\/204588461_975663459855877_2142189247848091148_n.jpg\"><img loading=\"lazy\" decoding=\"async\" class=\"alignleft wp-image-3442 size-thumbnail\" src=\"https:\/\/www.senadojcimexico.org\/portal\/wp-content\/uploads\/2021\/06\/204588461_975663459855877_2142189247848091148_n-150x150.jpg\" alt=\"\" width=\"150\" height=\"150\"><\/a><a href=\"https:\/\/www.senadojcimexico.org\/portal\/wp-content\/uploads\/2021\/06\/202412181_975663509855872_3589297156949252066_n.jpg\"><img loading=\"lazy\" decoding=\"async\" class=\"alignleft wp-image-3434 size-thumbnail\" src=\"https:\/\/www.senadojcimexico.org\/portal\/wp-content\/uploads\/2021\/06\/202412181_975663509855872_3589297156949252066_n-150x150.jpg\" alt=\"\" width=\"150\" height=\"150\"><\/a><a href=\"https:\/\/www.senadojcimexico.org\/portal\/wp-content\/uploads\/2021\/06\/203875194_975663259855897_121223825907487349_n.jpg\"><img loading=\"lazy\" decoding=\"async\" class=\"alignleft wp-image-3437 size-thumbnail\" src=\"https:\/\/www.senadojcimexico.org\/portal\/wp-content\/uploads\/2021\/06\/203875194_975663259855897_121223825907487349_n-150x150.jpg\" alt=\"\" width=\"150\" height=\"150\"><\/a><a href=\"https:\/\/www.senadojcimexico.org\/portal\/wp-content\/uploads\/2021\/06\/205315970_975663359855887_7200831274951978163_n.jpg\"><img loading=\"lazy\" decoding=\"async\" class=\"alignleft wp-image-3451 size-thumbnail\" src=\"https:\/\/www.senadojcimexico.org\/portal\/wp-content\/uploads\/2021\/06\/205315970_975663359855887_7200831274951978163_n-150x150.jpg\" alt=\"\" width=\"150\" height=\"150\"><\/a><a href=\"https:\/\/www.senadojcimexico.org\/portal\/wp-content\/uploads\/2021\/06\/201041159_975663209855902_1424018702740124897_n.jpg\"><img loading=\"lazy\" decoding=\"async\" class=\"alignleft wp-image-3454 size-thumbnail\" src=\"https:\/\/www.senadojcimexico.org\/portal\/wp-content\/uploads\/2021\/06\/201041159_975663209855902_1424018702740124897_n-150x150.jpg\" alt=\"\" width=\"150\" height=\"150\"><\/a><a href=\"https:\/\/www.senadojcimexico.org\/portal\/wp-content\/uploads\/2021\/06\/204634699_975663229855900_5752105581695681802_n-1.jpg\"><img loading=\"lazy\" decoding=\"async\" class=\"alignleft wp-image-3455 size-thumbnail\" src=\"https:\/\/www.senadojcimexico.org\/portal\/wp-content\/uploads\/2021\/06\/204634699_975663229855900_5752105581695681802_n-1-150x150.jpg\" alt=\"\" width=\"150\" height=\"150\"><\/a><a href=\"https:\/\/www.senadojcimexico.org\/portal\/wp-content\/uploads\/2021\/06\/204147374_975663279855895_5564989301525379719_n-1.jpg\"><img loading=\"lazy\" decoding=\"async\" class=\"alignleft wp-image-3456 size-thumbnail\" src=\"https:\/\/www.senadojcimexico.org\/portal\/wp-content\/uploads\/2021\/06\/204147374_975663279855895_5564989301525379719_n-1-150x150.jpg\" alt=\"\" width=\"150\" height=\"150\"><\/a><a href=\"https:\/\/www.senadojcimexico.org\/portal\/wp-content\/uploads\/2021\/06\/205046717_975663443189212_2634502660387385882_n-1.jpg\"><img loading=\"lazy\" decoding=\"async\" class=\"alignleft wp-image-3457 size-thumbnail\" src=\"https:\/\/www.senadojcimexico.org\/portal\/wp-content\/uploads\/2021\/06\/205046717_975663443189212_2634502660387385882_n-1-150x150.jpg\" alt=\"\" width=\"150\" height=\"150\"><\/a><\/p>\n","protected":false},"excerpt":{"rendered":"<p>El Presidente del Senado JCI de M\u00e9xico, V\u00edctor Calder\u00f3n, fue testigo de la sesi\u00f3n de transmisi\u00f3n de mando en JCI Yautepec, de la Presidenta saliente Kristal Flores, a la Presidenta entrante, Alejandra Heras. Asisti\u00f3 tambi\u00e9n a la toma de protesta de nuevos socios. Acompa\u00f1aron al Presidente,, su se\u00f1ora esposa Paula y el Senador Gilberto Larrinaga &hellip; <\/p>\n<p><a class=\"more-link btn\" href=\"https:\/\/www.senadojcimexico.org\/portal\/el-presidente-del-senado-recibido-por-jci-yautepec\/\">Seguir leyendo<\/a><\/p>\n","protected":false},"author":1,"featured_media":3429,"comment_status":"closed","ping_status":"open","sticky":false,"template":"","format":"standard","meta":{"ngg_post_thumbnail":0,"footnotes":""},"categories":[9],"tags":[],"class_list":["post-3428","post","type-post","status-publish","format-standard","has-post-thumbnail","hentry","category-general","item-wrap"],"_links":{"self":[{"href":"https:\/\/www.senadojcimexico.org\/portal\/wp-json\/wp\/v2\/posts\/3428","targetHints":{"allow":["GET"]}}],"collection":[{"href":"https:\/\/www.senadojcimexico.org\/portal\/wp-json\/wp\/v2\/posts"}],"about":[{"href":"https:\/\/www.senadojcimexico.org\/portal\/wp-json\/wp\/v2\/types\/post"}],"author":[{"embeddable":true,"href":"https:\/\/www.senadojcimexico.org\/portal\/wp-json\/wp\/v2\/users\/1"}],"replies":[{"embeddable":true,"href":"https:\/\/www.senadojcimexico.org\/portal\/wp-json\/wp\/v2\/comments?post=3428"}],"version-history":[{"count":8,"href":"https:\/\/www.senadojcimexico.org\/portal\/wp-json\/wp\/v2\/posts\/3428\/revisions"}],"predecessor-version":[{"id":7694,"href":"https:\/\/www.senadojcimexico.org\/portal\/wp-json\/wp\/v2\/posts\/3428\/revisions\/7694"}],"wp:featuredmedia":[{"embeddable":true,"href":"https:\/\/www.senadojcimexico.org\/portal\/wp-json\/wp\/v2\/media\/3429"}],"wp:attachment":[{"href":"https:\/\/www.senadojcimexico.org\/portal\/wp-json\/wp\/v2\/media?parent=3428"}],"wp:term":[{"taxonomy":"category","embeddable":true,"href":"https:\/\/www.senadojcimexico.org\/portal\/wp-json\/wp\/v2\/categories?post=3428"},{"taxonomy":"post_tag","embeddable":true,"href":"https:\/\/www.senadojcimexico.org\/portal\/wp-json\/wp\/v2\/tags?post=3428"}],"curies":[{"name":"wp","href":"https:\/\/api.w.org\/{rel}","templated":true}]}}