{"id":3412,"date":"2021-06-27T21:04:55","date_gmt":"2021-06-28T02:04:55","guid":{"rendered":"https:\/\/www.senadojcimexico.org\/portal\/?p=3412"},"modified":"2024-12-10T11:06:41","modified_gmt":"2024-12-10T17:06:41","slug":"el-presidente-del-senado-recibido-en-cuernavaca","status":"publish","type":"post","link":"https:\/\/www.senadojcimexico.org\/portal\/el-presidente-del-senado-recibido-en-cuernavaca\/","title":{"rendered":"El Presidente del Senado en Cuernavaca"},"content":{"rendered":"<p><a href=\"https:\/\/www.senadojcimexico.org\/portal\/wp-content\/uploads\/2021\/06\/PHOTO-2021-06-20-11-10-33.jpg\"><img loading=\"lazy\" decoding=\"async\" class=\"aligncenter size-full wp-image-3421\" src=\"https:\/\/www.senadojcimexico.org\/portal\/wp-content\/uploads\/2021\/06\/PHOTO-2021-06-20-11-10-33.jpg\" alt=\"\" width=\"1600\" height=\"900\" srcset=\"https:\/\/www.senadojcimexico.org\/portal\/wp-content\/uploads\/2021\/06\/PHOTO-2021-06-20-11-10-33.jpg 1600w, https:\/\/www.senadojcimexico.org\/portal\/wp-content\/uploads\/2021\/06\/PHOTO-2021-06-20-11-10-33-300x169.jpg 300w, https:\/\/www.senadojcimexico.org\/portal\/wp-content\/uploads\/2021\/06\/PHOTO-2021-06-20-11-10-33-1024x576.jpg 1024w, https:\/\/www.senadojcimexico.org\/portal\/wp-content\/uploads\/2021\/06\/PHOTO-2021-06-20-11-10-33-768x432.jpg 768w, https:\/\/www.senadojcimexico.org\/portal\/wp-content\/uploads\/2021\/06\/PHOTO-2021-06-20-11-10-33-1536x864.jpg 1536w\" sizes=\"auto, (max-width: 1600px) 100vw, 1600px\" \/><\/a><\/p>\n<p style=\"text-align: justify;\">El Presidente del Senado JCI de M\u00e9xico fue recibido en Cuernavaca en un desayuno organizado por la Senadora Mayralina Bustos. El Presidente V\u00edctor Calder\u00f3n estuvo acompa\u00f1ado por su se\u00f1ora esposa Paula y por el Senador Gilberto Larrinaga y su se\u00f1ora esposa Dulce Mar\u00eda. Al desayuno asistieron la Senadora M\u00f3nica Ramos, Secretaria General del Senado; la Senadora Ana Brenda Gonz\u00e1lez; la Senadora Ma. del Carmen Torres, la Senadora Mariel Idania Gonz\u00e1lez; y el Senador Joaqu\u00edn E. Mart\u00ednez.<\/p>\n<p><a href=\"https:\/\/www.senadojcimexico.org\/portal\/wp-content\/uploads\/2021\/06\/PHOTO-2021-06-20-11-10-37.jpg\"><img loading=\"lazy\" decoding=\"async\" class=\"wp-image-3424 size-medium alignleft\" src=\"https:\/\/www.senadojcimexico.org\/portal\/wp-content\/uploads\/2021\/06\/PHOTO-2021-06-20-11-10-37-300x169.jpg\" alt=\"\" width=\"300\" height=\"169\" srcset=\"https:\/\/www.senadojcimexico.org\/portal\/wp-content\/uploads\/2021\/06\/PHOTO-2021-06-20-11-10-37-300x169.jpg 300w, https:\/\/www.senadojcimexico.org\/portal\/wp-content\/uploads\/2021\/06\/PHOTO-2021-06-20-11-10-37-1024x576.jpg 1024w, https:\/\/www.senadojcimexico.org\/portal\/wp-content\/uploads\/2021\/06\/PHOTO-2021-06-20-11-10-37-768x432.jpg 768w, https:\/\/www.senadojcimexico.org\/portal\/wp-content\/uploads\/2021\/06\/PHOTO-2021-06-20-11-10-37-1536x864.jpg 1536w, https:\/\/www.senadojcimexico.org\/portal\/wp-content\/uploads\/2021\/06\/PHOTO-2021-06-20-11-10-37.jpg 1600w\" sizes=\"auto, (max-width: 300px) 100vw, 300px\" \/><\/a><a href=\"https:\/\/www.senadojcimexico.org\/portal\/wp-content\/uploads\/2021\/06\/PHOTO-2021-06-20-11-10-34.jpg\"><img loading=\"lazy\" decoding=\"async\" class=\"alignleft wp-image-3414 size-medium\" src=\"https:\/\/www.senadojcimexico.org\/portal\/wp-content\/uploads\/2021\/06\/PHOTO-2021-06-20-11-10-34-300x169.jpg\" alt=\"\" width=\"300\" height=\"169\" srcset=\"https:\/\/www.senadojcimexico.org\/portal\/wp-content\/uploads\/2021\/06\/PHOTO-2021-06-20-11-10-34-300x169.jpg 300w, https:\/\/www.senadojcimexico.org\/portal\/wp-content\/uploads\/2021\/06\/PHOTO-2021-06-20-11-10-34-1024x576.jpg 1024w, https:\/\/www.senadojcimexico.org\/portal\/wp-content\/uploads\/2021\/06\/PHOTO-2021-06-20-11-10-34-768x432.jpg 768w, https:\/\/www.senadojcimexico.org\/portal\/wp-content\/uploads\/2021\/06\/PHOTO-2021-06-20-11-10-34-1536x864.jpg 1536w, https:\/\/www.senadojcimexico.org\/portal\/wp-content\/uploads\/2021\/06\/PHOTO-2021-06-20-11-10-34.jpg 1600w\" sizes=\"auto, (max-width: 300px) 100vw, 300px\" \/><\/a><\/p>\n","protected":false},"excerpt":{"rendered":"<p>El Presidente del Senado JCI de M\u00e9xico fue recibido en Cuernavaca en un desayuno organizado por la Senadora Mayralina Bustos. El Presidente V\u00edctor Calder\u00f3n estuvo acompa\u00f1ado por su se\u00f1ora esposa Paula y por el Senador Gilberto Larrinaga y su se\u00f1ora esposa Dulce Mar\u00eda. Al desayuno asistieron la Senadora M\u00f3nica Ramos, Secretaria General del Senado; la &hellip; <\/p>\n<p><a class=\"more-link btn\" href=\"https:\/\/www.senadojcimexico.org\/portal\/el-presidente-del-senado-recibido-en-cuernavaca\/\">Seguir leyendo<\/a><\/p>\n","protected":false},"author":1,"featured_media":3421,"comment_status":"closed","ping_status":"open","sticky":false,"template":"","format":"standard","meta":{"ngg_post_thumbnail":0,"footnotes":""},"categories":[9],"tags":[],"class_list":["post-3412","post","type-post","status-publish","format-standard","has-post-thumbnail","hentry","category-general","item-wrap"],"_links":{"self":[{"href":"https:\/\/www.senadojcimexico.org\/portal\/wp-json\/wp\/v2\/posts\/3412","targetHints":{"allow":["GET"]}}],"collection":[{"href":"https:\/\/www.senadojcimexico.org\/portal\/wp-json\/wp\/v2\/posts"}],"about":[{"href":"https:\/\/www.senadojcimexico.org\/portal\/wp-json\/wp\/v2\/types\/post"}],"author":[{"embeddable":true,"href":"https:\/\/www.senadojcimexico.org\/portal\/wp-json\/wp\/v2\/users\/1"}],"replies":[{"embeddable":true,"href":"https:\/\/www.senadojcimexico.org\/portal\/wp-json\/wp\/v2\/comments?post=3412"}],"version-history":[{"count":9,"href":"https:\/\/www.senadojcimexico.org\/portal\/wp-json\/wp\/v2\/posts\/3412\/revisions"}],"predecessor-version":[{"id":7692,"href":"https:\/\/www.senadojcimexico.org\/portal\/wp-json\/wp\/v2\/posts\/3412\/revisions\/7692"}],"wp:featuredmedia":[{"embeddable":true,"href":"https:\/\/www.senadojcimexico.org\/portal\/wp-json\/wp\/v2\/media\/3421"}],"wp:attachment":[{"href":"https:\/\/www.senadojcimexico.org\/portal\/wp-json\/wp\/v2\/media?parent=3412"}],"wp:term":[{"taxonomy":"category","embeddable":true,"href":"https:\/\/www.senadojcimexico.org\/portal\/wp-json\/wp\/v2\/categories?post=3412"},{"taxonomy":"post_tag","embeddable":true,"href":"https:\/\/www.senadojcimexico.org\/portal\/wp-json\/wp\/v2\/tags?post=3412"}],"curies":[{"name":"wp","href":"https:\/\/api.w.org\/{rel}","templated":true}]}}