{"id":3395,"date":"2021-06-27T20:35:38","date_gmt":"2021-06-28T01:35:38","guid":{"rendered":"https:\/\/www.senadojcimexico.org\/portal\/?p=3395"},"modified":"2024-12-10T11:06:41","modified_gmt":"2024-12-10T17:06:41","slug":"3395","status":"publish","type":"post","link":"https:\/\/www.senadojcimexico.org\/portal\/3395\/","title":{"rendered":"Visita del Presidente a Ciudad de M\u00e9xico"},"content":{"rendered":"<p style=\"text-align: justify;\"><a href=\"https:\/\/www.senadojcimexico.org\/portal\/wp-content\/uploads\/2021\/06\/PHOTO-2021-06-19-23-40-24_2.jpg\"><img loading=\"lazy\" decoding=\"async\" class=\"aligncenter size-full wp-image-3396\" src=\"https:\/\/www.senadojcimexico.org\/portal\/wp-content\/uploads\/2021\/06\/PHOTO-2021-06-19-23-40-24_2.jpg\" alt=\"\" width=\"1280\" height=\"960\" srcset=\"https:\/\/www.senadojcimexico.org\/portal\/wp-content\/uploads\/2021\/06\/PHOTO-2021-06-19-23-40-24_2.jpg 1280w, https:\/\/www.senadojcimexico.org\/portal\/wp-content\/uploads\/2021\/06\/PHOTO-2021-06-19-23-40-24_2-300x225.jpg 300w, https:\/\/www.senadojcimexico.org\/portal\/wp-content\/uploads\/2021\/06\/PHOTO-2021-06-19-23-40-24_2-1024x768.jpg 1024w, https:\/\/www.senadojcimexico.org\/portal\/wp-content\/uploads\/2021\/06\/PHOTO-2021-06-19-23-40-24_2-768x576.jpg 768w\" sizes=\"auto, (max-width: 1280px) 100vw, 1280px\" \/><\/a>El Presidente del Senado JCI de M\u00e9xico, V\u00edctor Calder\u00f3n Sol\u00eds, se reuni\u00f3 con Senadores JCI de Ciudad de M\u00e9xico en una sesi\u00f3n en la que el Coordinador del Senado JCI de Ciudad de M\u00e9xico, Jorge Verdaguer, le dio la bienvenida a nombre de los Senadores locales. Estuvieron presentes tambi\u00e9n, la Senadora Esther Valdez, Directora del Senado Verde; la Senadora Ana Brenda Gonz\u00e1lez, pasada VP JCI; la Senadora Ma. del Carmen Torres,; el Senador Gilberto Larrinaga; el Senador Pedro Carta y el Senador Joaqu\u00edn E. Mart\u00ednez. . Tambi\u00e9n estuvieron presentes Oscar R. D\u00edaz y Oscar Carrasco de JCI Ciudad de M\u00e9xico y dos j\u00f3venes prospectos hijos del Senador Pedro Carta. La Senadora Esther Valdez le hizo un hermoso obsequio al Presidente de un camino de mesa elaborado en la comunidad Mazahua del Estado de M\u00e9xico.<\/p>\n<p><a href=\"https:\/\/www.senadojcimexico.org\/portal\/wp-content\/uploads\/2021\/06\/PHOTO-2021-06-19-19-59-15_1.jpg\"><img loading=\"lazy\" decoding=\"async\" class=\"wp-image-3401 size-thumbnail alignleft\" src=\"https:\/\/www.senadojcimexico.org\/portal\/wp-content\/uploads\/2021\/06\/PHOTO-2021-06-19-19-59-15_1-150x150.jpg\" alt=\"\" width=\"150\" height=\"150\"><\/a> <a href=\"https:\/\/www.senadojcimexico.org\/portal\/wp-content\/uploads\/2021\/06\/PHOTO-2021-06-19-19-59-15_2.jpg\"><img loading=\"lazy\" decoding=\"async\" class=\"wp-image-3402 size-thumbnail alignleft\" src=\"https:\/\/www.senadojcimexico.org\/portal\/wp-content\/uploads\/2021\/06\/PHOTO-2021-06-19-19-59-15_2-150x150.jpg\" alt=\"\" width=\"150\" height=\"150\"><\/a> <a href=\"https:\/\/www.senadojcimexico.org\/portal\/wp-content\/uploads\/2021\/06\/PHOTO-2021-06-19-19-59-15_3.jpg\"><img loading=\"lazy\" decoding=\"async\" class=\"wp-image-3403 size-thumbnail alignleft\" src=\"https:\/\/www.senadojcimexico.org\/portal\/wp-content\/uploads\/2021\/06\/PHOTO-2021-06-19-19-59-15_3-150x150.jpg\" alt=\"\" width=\"150\" height=\"150\"><\/a> <a href=\"https:\/\/www.senadojcimexico.org\/portal\/wp-content\/uploads\/2021\/06\/PHOTO-2021-06-19-19-59-16.jpg\"><img loading=\"lazy\" decoding=\"async\" class=\"wp-image-3404 size-thumbnail alignleft\" src=\"https:\/\/www.senadojcimexico.org\/portal\/wp-content\/uploads\/2021\/06\/PHOTO-2021-06-19-19-59-16-150x150.jpg\" alt=\"\" width=\"150\" height=\"150\"><\/a> <a href=\"https:\/\/www.senadojcimexico.org\/portal\/wp-content\/uploads\/2021\/06\/PHOTO-2021-06-19-19-59-16_1.jpg\"><img loading=\"lazy\" decoding=\"async\" class=\"wp-image-3405 size-thumbnail alignleft\" src=\"https:\/\/www.senadojcimexico.org\/portal\/wp-content\/uploads\/2021\/06\/PHOTO-2021-06-19-19-59-16_1-150x150.jpg\" alt=\"\" width=\"150\" height=\"150\"><\/a> <a href=\"https:\/\/www.senadojcimexico.org\/portal\/wp-content\/uploads\/2021\/06\/PHOTO-2021-06-19-19-59-25.jpg\"><img loading=\"lazy\" decoding=\"async\" class=\"wp-image-3406 size-thumbnail alignleft\" src=\"https:\/\/www.senadojcimexico.org\/portal\/wp-content\/uploads\/2021\/06\/PHOTO-2021-06-19-19-59-25-150x150.jpg\" alt=\"\" width=\"150\" height=\"150\"><\/a> <a href=\"https:\/\/www.senadojcimexico.org\/portal\/wp-content\/uploads\/2021\/06\/PHOTO-2021-06-19-23-40-23.jpg\"><img loading=\"lazy\" decoding=\"async\" class=\"alignleft wp-image-3407 size-thumbnail\" src=\"https:\/\/www.senadojcimexico.org\/portal\/wp-content\/uploads\/2021\/06\/PHOTO-2021-06-19-23-40-23-150x150.jpg\" alt=\"\" width=\"150\" height=\"150\"><\/a> <a href=\"https:\/\/www.senadojcimexico.org\/portal\/wp-content\/uploads\/2021\/06\/PHOTO-2021-06-19-23-40-24_1.jpg\"><img loading=\"lazy\" decoding=\"async\" class=\"alignleft wp-image-3409 size-thumbnail\" src=\"https:\/\/www.senadojcimexico.org\/portal\/wp-content\/uploads\/2021\/06\/PHOTO-2021-06-19-23-40-24_1-150x150.jpg\" alt=\"\" width=\"150\" height=\"150\"><\/a><\/p>\n","protected":false},"excerpt":{"rendered":"<p>El Presidente del Senado JCI de M\u00e9xico, V\u00edctor Calder\u00f3n Sol\u00eds, se reuni\u00f3 con Senadores JCI de Ciudad de M\u00e9xico en una sesi\u00f3n en la que el Coordinador del Senado JCI de Ciudad de M\u00e9xico, Jorge Verdaguer, le dio la bienvenida a nombre de los Senadores locales. Estuvieron presentes tambi\u00e9n, la Senadora Esther Valdez, Directora del &hellip; <\/p>\n<p><a class=\"more-link btn\" href=\"https:\/\/www.senadojcimexico.org\/portal\/3395\/\">Seguir leyendo<\/a><\/p>\n","protected":false},"author":1,"featured_media":3396,"comment_status":"closed","ping_status":"open","sticky":false,"template":"","format":"standard","meta":{"ngg_post_thumbnail":0,"footnotes":""},"categories":[9],"tags":[],"class_list":["post-3395","post","type-post","status-publish","format-standard","has-post-thumbnail","hentry","category-general","item-wrap"],"_links":{"self":[{"href":"https:\/\/www.senadojcimexico.org\/portal\/wp-json\/wp\/v2\/posts\/3395","targetHints":{"allow":["GET"]}}],"collection":[{"href":"https:\/\/www.senadojcimexico.org\/portal\/wp-json\/wp\/v2\/posts"}],"about":[{"href":"https:\/\/www.senadojcimexico.org\/portal\/wp-json\/wp\/v2\/types\/post"}],"author":[{"embeddable":true,"href":"https:\/\/www.senadojcimexico.org\/portal\/wp-json\/wp\/v2\/users\/1"}],"replies":[{"embeddable":true,"href":"https:\/\/www.senadojcimexico.org\/portal\/wp-json\/wp\/v2\/comments?post=3395"}],"version-history":[{"count":10,"href":"https:\/\/www.senadojcimexico.org\/portal\/wp-json\/wp\/v2\/posts\/3395\/revisions"}],"predecessor-version":[{"id":7690,"href":"https:\/\/www.senadojcimexico.org\/portal\/wp-json\/wp\/v2\/posts\/3395\/revisions\/7690"}],"wp:featuredmedia":[{"embeddable":true,"href":"https:\/\/www.senadojcimexico.org\/portal\/wp-json\/wp\/v2\/media\/3396"}],"wp:attachment":[{"href":"https:\/\/www.senadojcimexico.org\/portal\/wp-json\/wp\/v2\/media?parent=3395"}],"wp:term":[{"taxonomy":"category","embeddable":true,"href":"https:\/\/www.senadojcimexico.org\/portal\/wp-json\/wp\/v2\/categories?post=3395"},{"taxonomy":"post_tag","embeddable":true,"href":"https:\/\/www.senadojcimexico.org\/portal\/wp-json\/wp\/v2\/tags?post=3395"}],"curies":[{"name":"wp","href":"https:\/\/api.w.org\/{rel}","templated":true}]}}