{"id":3329,"date":"2021-03-16T19:48:59","date_gmt":"2021-03-17T01:48:59","guid":{"rendered":"https:\/\/www.senadojcimexico.org\/portal\/?p=3329"},"modified":"2024-12-10T11:06:41","modified_gmt":"2024-12-10T17:06:41","slug":"representacion-del-senado-jci-mexico-en-guatemala","status":"publish","type":"post","link":"https:\/\/www.senadojcimexico.org\/portal\/representacion-del-senado-jci-mexico-en-guatemala\/","title":{"rendered":"Representaci\u00f3n del Senado JCI M\u00e9xico en Guatemala"},"content":{"rendered":"<p style=\"text-align: justify;\"><span style=\"font-family: tahoma, arial, helvetica, sans-serif; font-size: 12pt;\"><strong>Ing. V\u00edctor Manuel Calder\u00f3n Sol\u00eds, Presidente del Senado JCI M\u00e9xico 2021.<\/strong><br \/>\n<\/span><\/p>\n<p style=\"text-align: justify;\"><span style=\"font-family: tahoma, arial, helvetica, sans-serif; font-size: 12pt;\">Reciba por este conducto un afectuoso saludo, me permito hacer una breve descripci\u00f3n de las actividades realizadas&nbsp; y de los resultados obtenidos durante el evento desarrollado en Ciudad de Guatemala en donde fuimos testigos presenciales de la&nbsp; incorporaci\u00f3n del <em>Senado de &nbsp;Guatemala a la organizaci\u00f3n JCI y ASAC,<\/em> al cual asist\u00ed con la honrosa&nbsp; representaci\u00f3n del <em>Senado JCI de M\u00e9xico<\/em> que tiene a bien presidir y con la distinci\u00f3n que me confiri\u00f3 de llevar esa hist\u00f3rica y magna representaci\u00f3n, detallando a continuaci\u00f3n dichas actividades:<\/span><\/p>\n<p style=\"text-align: justify;\"><span style=\"font-family: tahoma, arial, helvetica, sans-serif; font-size: 12pt;\">Mediante transmisi\u00f3n satelital e internet, a trav\u00e9s de la plataforma y aplicaci\u00f3n de ZOOM, de manera virtual y en tiempo real desde ciudad de Guatemala, se difundi\u00f3 la <em>Asamblea General Extraordinaria de la Asociaci\u00f3n de Senadores JCI de las Am\u00e9ricas y el Caribe<\/em><em>, <\/em>por sus siglas ASAC, la cual fue conducida por su Presidente el Senador JCI Rafael Taveras Camilo, cont\u00e1ndose con la participaci\u00f3n de aproximadamente <em>15 representantes<\/em> de los pa\u00edses que conforman ASAC.<strong><br \/>\n<\/strong><\/span><\/p>\n<p><a href=\"https:\/\/www.senadojcimexico.org\/portal\/wp-content\/uploads\/2021\/03\/Diapositiva15.png\"><img loading=\"lazy\" decoding=\"async\" class=\"aligncenter size-full wp-image-3335\" src=\"https:\/\/www.senadojcimexico.org\/portal\/wp-content\/uploads\/2021\/03\/Diapositiva15.png\" alt=\"\" width=\"1280\" height=\"720\" srcset=\"https:\/\/www.senadojcimexico.org\/portal\/wp-content\/uploads\/2021\/03\/Diapositiva15.png 1280w, https:\/\/www.senadojcimexico.org\/portal\/wp-content\/uploads\/2021\/03\/Diapositiva15-300x169.png 300w, https:\/\/www.senadojcimexico.org\/portal\/wp-content\/uploads\/2021\/03\/Diapositiva15-1024x576.png 1024w, https:\/\/www.senadojcimexico.org\/portal\/wp-content\/uploads\/2021\/03\/Diapositiva15-768x432.png 768w\" sizes=\"auto, (max-width: 1280px) 100vw, 1280px\" \/><\/a><span style=\"font-family: tahoma, arial, helvetica, sans-serif; font-size: 12pt;\">Participando de manera presencial en todos y cada uno de los eventos el <em>Director de ASAC para M\u00e9xico,&nbsp; Centroam\u00e9rica y el Caribe de habla hispana, <\/em><em>ASAC<\/em> <em>V\u00edctor Garc\u00eda Cab\u00e1n<\/em><em>, <\/em>&nbsp;cont\u00e1ndose adem\u00e1s con el Senador <em>Jorge Garc\u00eda Jim\u00e9nez<\/em>,&nbsp; Funcionario de ASAC y representando al Senado JCI de Puerto Rico; &nbsp;por parte del <em>Senado JCI de M\u00e9xico la Senadora<\/em> <em>Ana Silvia Villegas Ram\u00edrez<\/em> quien fue la representante personal del Presidente del Senado JCI M\u00e9xico Ing. V\u00edctor calder\u00f3n Sol\u00eds. <\/span><\/p>\n<p style=\"text-align: justify;\"><span style=\"font-family: tahoma, arial, helvetica, sans-serif; font-size: 12pt;\">En dicha asamblea:<br \/>\n<\/span><\/p>\n<ol>\n<li style=\"text-align: justify;\"><span style=\"font-family: tahoma, arial, helvetica, sans-serif; font-size: 12pt;\">Ingres\u00f3 de la Asociaci\u00f3n de Senadores JCI de Guatemala que dignamente preside el <em>Senador JCI Jos\u00e9 Leonel Quezada Pinto,<\/em> a la Asociaci\u00f3n de Senadores JCI de las Am\u00e9ricas y el Caribe, donde Puerto Rico hizo la propuesta del ingreso de Guatemala a la JCI y ASAC, y M\u00e9xico secund\u00f3 dicha propuesta.<\/span><\/li>\n<li style=\"text-align: justify;\"><span style=\"font-family: tahoma, arial, helvetica, sans-serif; font-size: 12pt;\">Se otorgaron dos senadur\u00edas a los ahora <em>Senadores JCI <\/em><em>Guillermo Custodio Echeverr\u00eda<\/em> con numero de <em>senadur\u00eda <\/em>79358 y Jos\u00e9 Guillermo Garc\u00eda Fuentes con n\u00famero <em>de senadur\u00eda 79359, correspondiendo a la <\/em><\/span>Presidente Nacional de JCI de M\u00e9xico Karla Paola Aguilar Mu\u00f1oz, conjuntamente con el Director de ASAC V\u00edctor Garc\u00eda Cab\u00e1n, otorgar dichas Senadur\u00edas que previamente fueron tramitadas, teniendo su servidora la valiosa oportunidad de colocar su pin que lo acredita como Senador<em> JCI <\/em>79359 a Jos\u00e9 Guillermo Garc\u00eda Fuentes.<\/li>\n<li style=\"text-align: justify;\">En las actividades de la JCI la <em>Presidenta Nacional de JCI M\u00e9xico Karla Paola Aguilar Mu\u00f1oz<\/em><em>,<\/em> ofreci\u00f3 una capacitaci\u00f3n horas antes a los integrantes de JCI Guatemala, siendo testigo adem\u00e1s de la afiliaci\u00f3n provisional de dos cap\u00edtulos que buscan ingresar plenamente a la organizaci\u00f3n de JCI de Guatemala. Dichos eventos se desarrollaron el d\u00eda 06 de marzo del presente a\u00f1o.<\/li>\n<\/ol>\n<p><a href=\"https:\/\/www.senadojcimexico.org\/portal\/wp-content\/uploads\/2021\/03\/Imagen2.jpg\"><img loading=\"lazy\" decoding=\"async\" class=\" wp-image-3333 alignnone\" src=\"https:\/\/www.senadojcimexico.org\/portal\/wp-content\/uploads\/2021\/03\/Imagen2.jpg\" alt=\"\" width=\"525\" height=\"295\" srcset=\"https:\/\/www.senadojcimexico.org\/portal\/wp-content\/uploads\/2021\/03\/Imagen2.jpg 422w, https:\/\/www.senadojcimexico.org\/portal\/wp-content\/uploads\/2021\/03\/Imagen2-300x168.jpg 300w\" sizes=\"auto, (max-width: 525px) 100vw, 525px\" \/><\/a><a href=\"https:\/\/www.senadojcimexico.org\/portal\/wp-content\/uploads\/2021\/03\/158135180_3748735718509511_5841729795323576197_o.jpg\"><img loading=\"lazy\" decoding=\"async\" class=\"alignnone wp-image-3332 \" src=\"https:\/\/www.senadojcimexico.org\/portal\/wp-content\/uploads\/2021\/03\/158135180_3748735718509511_5841729795323576197_o-225x300.jpg\" alt=\"\" width=\"221\" height=\"295\" srcset=\"https:\/\/www.senadojcimexico.org\/portal\/wp-content\/uploads\/2021\/03\/158135180_3748735718509511_5841729795323576197_o-225x300.jpg 225w, https:\/\/www.senadojcimexico.org\/portal\/wp-content\/uploads\/2021\/03\/158135180_3748735718509511_5841729795323576197_o-768x1024.jpg 768w, https:\/\/www.senadojcimexico.org\/portal\/wp-content\/uploads\/2021\/03\/158135180_3748735718509511_5841729795323576197_o.jpg 960w\" sizes=\"auto, (max-width: 221px) 100vw, 221px\" \/><\/a><\/p>\n<p><strong>Conclusi\u00f3n<\/strong><\/p>\n<p style=\"text-align: justify;\">Este Magno evento se llev\u00f3 a cabo de manera presencial, resaltando el cumplimiento de las medidas sanitarias. y el respeto a la sana distancia; lo que permiti\u00f3 llevar a cabo una cena formal de clausura de tan relevante evento, donde se entregaron Constancias y Reconocimientos a nuestra organizaci\u00f3n por parte del Senado de Guatemala, siendo el Director de ASAC V\u00edctor Garc\u00eda, quien llevo a cabo dicho evento y dando un mensaje de motivaci\u00f3n y reiterar la m\u00e1s cordial bienvenida al Senado JCI de Guatemala y deseando a todos los presentes un feliz regreso a sus pa\u00edses; siendo testigo de tan trascendental evento la Senadora JCI y representante del Senado JCI de M\u00e9xico Ana Silvia Villegas Ram\u00edrez,<\/p>\n<p style=\"text-align: justify;\">As\u00ed mismo se me dio la oportunidad del entregar a nombre de los Senadores de M\u00e9xico una placa de constancia de hermandad entre estos dos pa\u00edses, cubre bocas a los directivos con bordado alusivo a este digno evento, adem\u00e1s a todos los presentes se les entrego un bot\u00f3n hist\u00f3rico conmemorativo del evento.<\/p>\n<p><a href=\"https:\/\/www.senadojcimexico.org\/portal\/wp-content\/uploads\/2021\/03\/Constancia-de-hermandad-guate-Mx.jpg\"><img loading=\"lazy\" decoding=\"async\" class=\"aligncenter size-full wp-image-3354\" src=\"https:\/\/www.senadojcimexico.org\/portal\/wp-content\/uploads\/2021\/03\/Constancia-de-hermandad-guate-Mx.jpg\" alt=\"\" width=\"846\" height=\"557\" srcset=\"https:\/\/www.senadojcimexico.org\/portal\/wp-content\/uploads\/2021\/03\/Constancia-de-hermandad-guate-Mx.jpg 846w, https:\/\/www.senadojcimexico.org\/portal\/wp-content\/uploads\/2021\/03\/Constancia-de-hermandad-guate-Mx-300x198.jpg 300w, https:\/\/www.senadojcimexico.org\/portal\/wp-content\/uploads\/2021\/03\/Constancia-de-hermandad-guate-Mx-768x506.jpg 768w\" sizes=\"auto, (max-width: 846px) 100vw, 846px\" \/><\/a>La delegaci\u00f3n de M\u00e9xico fue Integrada por:<\/p>\n<ul>\n<li>Sen. Ana Silvia Villegas Ram\u00edrez<\/li>\n<li>Sen. Jos\u00e9 Ar\u00e9chiga D\u00e1vila<\/li>\n<li>Sen. Jos\u00e9 Francisco L\u00f3pez<\/li>\n<li>Sen. Ismael Soto<\/li>\n<li>&nbsp;Presidente Nacional de JCI M\u00e9xico Karla Paola Aguilar Mu\u00f1oz<\/li>\n<li>Secretaria Nacional Diana Hern\u00e1ndez<\/li>\n<li>VP. Daniel Romero Mart\u00ednez.<\/li>\n<\/ul>\n<p><a href=\"https:\/\/www.senadojcimexico.org\/portal\/wp-content\/uploads\/2021\/03\/Imagen1.jpg\"><img loading=\"lazy\" decoding=\"async\" class=\" wp-image-3330 alignnone\" src=\"https:\/\/www.senadojcimexico.org\/portal\/wp-content\/uploads\/2021\/03\/Imagen1.jpg\" alt=\"\" width=\"369\" height=\"207\" srcset=\"https:\/\/www.senadojcimexico.org\/portal\/wp-content\/uploads\/2021\/03\/Imagen1.jpg 468w, https:\/\/www.senadojcimexico.org\/portal\/wp-content\/uploads\/2021\/03\/Imagen1-300x169.jpg 300w\" sizes=\"auto, (max-width: 369px) 100vw, 369px\" \/><\/a><a href=\"https:\/\/www.senadojcimexico.org\/portal\/wp-content\/uploads\/2021\/03\/Diapositiva1.png\"><img loading=\"lazy\" decoding=\"async\" class=\"wp-image-3340 alignnone\" src=\"https:\/\/www.senadojcimexico.org\/portal\/wp-content\/uploads\/2021\/03\/Diapositiva1-300x169.png\" alt=\"\" width=\"371\" height=\"209\" srcset=\"https:\/\/www.senadojcimexico.org\/portal\/wp-content\/uploads\/2021\/03\/Diapositiva1-300x169.png 300w, https:\/\/www.senadojcimexico.org\/portal\/wp-content\/uploads\/2021\/03\/Diapositiva1-1024x576.png 1024w, https:\/\/www.senadojcimexico.org\/portal\/wp-content\/uploads\/2021\/03\/Diapositiva1-768x432.png 768w, https:\/\/www.senadojcimexico.org\/portal\/wp-content\/uploads\/2021\/03\/Diapositiva1.png 1280w\" sizes=\"auto, (max-width: 371px) 100vw, 371px\" \/><\/a><\/p>\n","protected":false},"excerpt":{"rendered":"<p>Ing. V\u00edctor Manuel Calder\u00f3n Sol\u00eds, Presidente del Senado JCI M\u00e9xico 2021. Reciba por este conducto un afectuoso saludo, me permito hacer una breve descripci\u00f3n de las actividades realizadas&nbsp; y de los resultados obtenidos durante el evento desarrollado en Ciudad de Guatemala en donde fuimos testigos presenciales de la&nbsp; incorporaci\u00f3n del Senado de &nbsp;Guatemala a la &hellip; <\/p>\n<p><a class=\"more-link btn\" href=\"https:\/\/www.senadojcimexico.org\/portal\/representacion-del-senado-jci-mexico-en-guatemala\/\">Seguir leyendo<\/a><\/p>\n","protected":false},"author":1,"featured_media":3335,"comment_status":"closed","ping_status":"open","sticky":false,"template":"","format":"standard","meta":{"ngg_post_thumbnail":0,"footnotes":""},"categories":[9],"tags":[],"class_list":["post-3329","post","type-post","status-publish","format-standard","has-post-thumbnail","hentry","category-general","item-wrap"],"_links":{"self":[{"href":"https:\/\/www.senadojcimexico.org\/portal\/wp-json\/wp\/v2\/posts\/3329","targetHints":{"allow":["GET"]}}],"collection":[{"href":"https:\/\/www.senadojcimexico.org\/portal\/wp-json\/wp\/v2\/posts"}],"about":[{"href":"https:\/\/www.senadojcimexico.org\/portal\/wp-json\/wp\/v2\/types\/post"}],"author":[{"embeddable":true,"href":"https:\/\/www.senadojcimexico.org\/portal\/wp-json\/wp\/v2\/users\/1"}],"replies":[{"embeddable":true,"href":"https:\/\/www.senadojcimexico.org\/portal\/wp-json\/wp\/v2\/comments?post=3329"}],"version-history":[{"count":10,"href":"https:\/\/www.senadojcimexico.org\/portal\/wp-json\/wp\/v2\/posts\/3329\/revisions"}],"predecessor-version":[{"id":7657,"href":"https:\/\/www.senadojcimexico.org\/portal\/wp-json\/wp\/v2\/posts\/3329\/revisions\/7657"}],"wp:featuredmedia":[{"embeddable":true,"href":"https:\/\/www.senadojcimexico.org\/portal\/wp-json\/wp\/v2\/media\/3335"}],"wp:attachment":[{"href":"https:\/\/www.senadojcimexico.org\/portal\/wp-json\/wp\/v2\/media?parent=3329"}],"wp:term":[{"taxonomy":"category","embeddable":true,"href":"https:\/\/www.senadojcimexico.org\/portal\/wp-json\/wp\/v2\/categories?post=3329"},{"taxonomy":"post_tag","embeddable":true,"href":"https:\/\/www.senadojcimexico.org\/portal\/wp-json\/wp\/v2\/tags?post=3329"}],"curies":[{"name":"wp","href":"https:\/\/api.w.org\/{rel}","templated":true}]}}