{"id":3317,"date":"2021-03-16T18:18:19","date_gmt":"2021-03-17T00:18:19","guid":{"rendered":"https:\/\/www.senadojcimexico.org\/portal\/?p=3317"},"modified":"2024-12-10T11:06:41","modified_gmt":"2024-12-10T17:06:41","slug":"ingreso-del-senado-jci-guatemala-a-la-asac","status":"publish","type":"post","link":"https:\/\/www.senadojcimexico.org\/portal\/ingreso-del-senado-jci-guatemala-a-la-asac\/","title":{"rendered":"Ingreso del Senado JCI Guatemala a la ASAC"},"content":{"rendered":"<p style=\"text-align: justify;\"><a href=\"https:\/\/www.senadojcimexico.org\/portal\/wp-content\/uploads\/2021\/03\/Diapositiva13.png\"><img loading=\"lazy\" decoding=\"async\" class=\"aligncenter size-full wp-image-3318\" src=\"https:\/\/www.senadojcimexico.org\/portal\/wp-content\/uploads\/2021\/03\/Diapositiva13.png\" alt=\"\" width=\"1280\" height=\"720\" srcset=\"https:\/\/www.senadojcimexico.org\/portal\/wp-content\/uploads\/2021\/03\/Diapositiva13.png 1280w, https:\/\/www.senadojcimexico.org\/portal\/wp-content\/uploads\/2021\/03\/Diapositiva13-300x169.png 300w, https:\/\/www.senadojcimexico.org\/portal\/wp-content\/uploads\/2021\/03\/Diapositiva13-1024x576.png 1024w, https:\/\/www.senadojcimexico.org\/portal\/wp-content\/uploads\/2021\/03\/Diapositiva13-768x432.png 768w\" sizes=\"auto, (max-width: 1280px) 100vw, 1280px\" \/><\/a><span data-offset-key=\"8354h-0-0\">Con<\/span><span data-offset-key=\"8354h-1-0\"> motivo de la afiliaci\u00f3n del Senado JCI Guatemala a la ASAC, el 6 de marzo se celebr\u00f3 de manera virtual la asamblea general extraordinaria de la Asociaci\u00f3n de Senadores JCI de las Am\u00e9ricas y el Caribe (ASAC) constituida por los Presidentes de los Senados JCI del continente americano, la cual fue dirigida por el Senador Rafael Taveras, su actual Presidente. <\/span><\/p>\n<p style=\"text-align: justify;\"><span data-offset-key=\"8354h-1-0\">Al mismo tiempo, en Ciudad de Guatemala, se llev\u00f3 a cabo una ceremonia presencial que fue dirigida por el&nbsp; Director de ASAC para M\u00e9xico, Centroam\u00e9rica y el Caribe, Senador V\u00edctor \u00abPucho\u00bb Garc\u00eda, quien tom\u00f3 la protesta al Senador Leonel Quezada electo Presidente del Senado JCI Guatemala. El Senado JCI Puerto Rico estuvo representado por el Sen. Jorge \u00abPity\u00bb Garc\u00eda.<br \/>\n<\/span><\/p>\n<p style=\"text-align: justify;\"><span data-offset-key=\"1hg23-0-0\">El Senado JCI M\u00e9xico estuvo oficialmente representado por la pasada Presidenta Ana Silvia Villegas, quien asisti\u00f3 a la ceremonia en Ciudad de Guatemala, acompa\u00f1ada del Presidente inmediato anterior, Jos\u00e9 de Jes\u00fas Ar\u00e9chiga y del Senador Francisco L\u00f3pez. <\/span><span data-offset-key=\"1hg23-0-0\">Por parte de la JCI M\u00e9xico, fue testigo de la ceremonia de afiliaci\u00f3n su <\/span><span data-offset-key=\"1hg23-0-0\">Presidenta Karla Paola Aguilar Mu\u00f1oz.<\/span><\/p>\n<p><a href=\"https:\/\/www.senadojcimexico.org\/portal\/wp-content\/uploads\/2021\/03\/Diapositiva7.png\"><img loading=\"lazy\" decoding=\"async\" class=\"alignnone wp-image-3322 size-large\" src=\"https:\/\/www.senadojcimexico.org\/portal\/wp-content\/uploads\/2021\/03\/Diapositiva7-1024x576.png\" alt=\"\" width=\"750\" height=\"422\" srcset=\"https:\/\/www.senadojcimexico.org\/portal\/wp-content\/uploads\/2021\/03\/Diapositiva7-1024x576.png 1024w, https:\/\/www.senadojcimexico.org\/portal\/wp-content\/uploads\/2021\/03\/Diapositiva7-300x169.png 300w, https:\/\/www.senadojcimexico.org\/portal\/wp-content\/uploads\/2021\/03\/Diapositiva7-768x432.png 768w, https:\/\/www.senadojcimexico.org\/portal\/wp-content\/uploads\/2021\/03\/Diapositiva7.png 1280w\" sizes=\"auto, (max-width: 750px) 100vw, 750px\" \/><\/a><a href=\"https:\/\/www.senadojcimexico.org\/portal\/wp-content\/uploads\/2021\/03\/Diapositiva9.png\"><img loading=\"lazy\" decoding=\"async\" class=\"alignnone wp-image-3324 size-large\" src=\"https:\/\/www.senadojcimexico.org\/portal\/wp-content\/uploads\/2021\/03\/Diapositiva9-1024x576.png\" alt=\"\" width=\"750\" height=\"422\" srcset=\"https:\/\/www.senadojcimexico.org\/portal\/wp-content\/uploads\/2021\/03\/Diapositiva9-1024x576.png 1024w, https:\/\/www.senadojcimexico.org\/portal\/wp-content\/uploads\/2021\/03\/Diapositiva9-300x169.png 300w, https:\/\/www.senadojcimexico.org\/portal\/wp-content\/uploads\/2021\/03\/Diapositiva9-768x432.png 768w, https:\/\/www.senadojcimexico.org\/portal\/wp-content\/uploads\/2021\/03\/Diapositiva9.png 1280w\" sizes=\"auto, (max-width: 750px) 100vw, 750px\" \/><\/a><\/p>\n<p style=\"text-align: justify;\"><span data-offset-key=\"1hg23-0-0\">En la misma ceremonia, fuimos testigos del otorgamiento de dos senadur\u00edas a los ex alumnis de la JCI., Jos\u00e9 Guillermo Garc\u00eda y Jos\u00e9 Guillermo Custodio, quienes con su esfuerzo y dedicaci\u00f3n han profesado los valores y principios de la JCI, para seguir creando cambios positivos al servicio de sus comunidades. <\/span>Importante destacar el papel del Senado JCI M\u00e9xico en este logro, en especial, la colaboraci\u00f3n del pasado Presidente Jos\u00e9 de Jes\u00fas Ar\u00e9chiga y de la Senadora Carmen Mendoza, quienes fueron pieza fundamental en el otorgamiento de las senadur\u00edas a tan distinguidos miembros del Senado JCI Guatemala.<\/p>\n<p><a href=\"https:\/\/www.senadojcimexico.org\/portal\/wp-content\/uploads\/2021\/03\/PHOTO-2021-03-09-14-16-16.jpg\"><img loading=\"lazy\" decoding=\"async\" class=\"aligncenter size-full wp-image-3326\" src=\"https:\/\/www.senadojcimexico.org\/portal\/wp-content\/uploads\/2021\/03\/PHOTO-2021-03-09-14-16-16.jpg\" alt=\"\" width=\"1024\" height=\"766\" srcset=\"https:\/\/www.senadojcimexico.org\/portal\/wp-content\/uploads\/2021\/03\/PHOTO-2021-03-09-14-16-16.jpg 1024w, https:\/\/www.senadojcimexico.org\/portal\/wp-content\/uploads\/2021\/03\/PHOTO-2021-03-09-14-16-16-300x224.jpg 300w, https:\/\/www.senadojcimexico.org\/portal\/wp-content\/uploads\/2021\/03\/PHOTO-2021-03-09-14-16-16-768x575.jpg 768w\" sizes=\"auto, (max-width: 1024px) 100vw, 1024px\" \/><\/a><\/p>\n","protected":false},"excerpt":{"rendered":"<p>Con motivo de la afiliaci\u00f3n del Senado JCI Guatemala a la ASAC, el 6 de marzo se celebr\u00f3 de manera virtual la asamblea general extraordinaria de la Asociaci\u00f3n de Senadores JCI de las Am\u00e9ricas y el Caribe (ASAC) constituida por los Presidentes de los Senados JCI del continente americano, la cual fue dirigida por el &hellip; <\/p>\n<p><a class=\"more-link btn\" href=\"https:\/\/www.senadojcimexico.org\/portal\/ingreso-del-senado-jci-guatemala-a-la-asac\/\">Seguir leyendo<\/a><\/p>\n","protected":false},"author":1,"featured_media":3318,"comment_status":"closed","ping_status":"open","sticky":false,"template":"","format":"standard","meta":{"ngg_post_thumbnail":0,"footnotes":""},"categories":[9],"tags":[],"class_list":["post-3317","post","type-post","status-publish","format-standard","has-post-thumbnail","hentry","category-general","item-wrap"],"_links":{"self":[{"href":"https:\/\/www.senadojcimexico.org\/portal\/wp-json\/wp\/v2\/posts\/3317","targetHints":{"allow":["GET"]}}],"collection":[{"href":"https:\/\/www.senadojcimexico.org\/portal\/wp-json\/wp\/v2\/posts"}],"about":[{"href":"https:\/\/www.senadojcimexico.org\/portal\/wp-json\/wp\/v2\/types\/post"}],"author":[{"embeddable":true,"href":"https:\/\/www.senadojcimexico.org\/portal\/wp-json\/wp\/v2\/users\/1"}],"replies":[{"embeddable":true,"href":"https:\/\/www.senadojcimexico.org\/portal\/wp-json\/wp\/v2\/comments?post=3317"}],"version-history":[{"count":10,"href":"https:\/\/www.senadojcimexico.org\/portal\/wp-json\/wp\/v2\/posts\/3317\/revisions"}],"predecessor-version":[{"id":7653,"href":"https:\/\/www.senadojcimexico.org\/portal\/wp-json\/wp\/v2\/posts\/3317\/revisions\/7653"}],"wp:featuredmedia":[{"embeddable":true,"href":"https:\/\/www.senadojcimexico.org\/portal\/wp-json\/wp\/v2\/media\/3318"}],"wp:attachment":[{"href":"https:\/\/www.senadojcimexico.org\/portal\/wp-json\/wp\/v2\/media?parent=3317"}],"wp:term":[{"taxonomy":"category","embeddable":true,"href":"https:\/\/www.senadojcimexico.org\/portal\/wp-json\/wp\/v2\/categories?post=3317"},{"taxonomy":"post_tag","embeddable":true,"href":"https:\/\/www.senadojcimexico.org\/portal\/wp-json\/wp\/v2\/tags?post=3317"}],"curies":[{"name":"wp","href":"https:\/\/api.w.org\/{rel}","templated":true}]}}