{"id":3258,"date":"2021-01-11T20:19:37","date_gmt":"2021-01-12T02:19:37","guid":{"rendered":"https:\/\/www.senadojcimexico.org\/portal\/?p=3258"},"modified":"2024-12-10T11:06:41","modified_gmt":"2024-12-10T17:06:41","slug":"descanse-en-paz-francisco-loza-hernandez","status":"publish","type":"post","link":"https:\/\/www.senadojcimexico.org\/portal\/descanse-en-paz-francisco-loza-hernandez\/","title":{"rendered":"Descansa en paz amigo"},"content":{"rendered":"<p style=\"text-align: justify;\"><a href=\"https:\/\/www.senadojcimexico.org\/portal\/wp-content\/uploads\/2021\/01\/Esquela-Francisco-Loza-Hdez2.png\"><img loading=\"lazy\" decoding=\"async\" class=\"aligncenter size-full wp-image-3272\" src=\"https:\/\/www.senadojcimexico.org\/portal\/wp-content\/uploads\/2021\/01\/Esquela-Francisco-Loza-Hdez2.png\" alt=\"\" width=\"960\" height=\"540\" srcset=\"https:\/\/www.senadojcimexico.org\/portal\/wp-content\/uploads\/2021\/01\/Esquela-Francisco-Loza-Hdez2.png 960w, https:\/\/www.senadojcimexico.org\/portal\/wp-content\/uploads\/2021\/01\/Esquela-Francisco-Loza-Hdez2-300x169.png 300w, https:\/\/www.senadojcimexico.org\/portal\/wp-content\/uploads\/2021\/01\/Esquela-Francisco-Loza-Hdez2-768x432.png 768w\" sizes=\"auto, (max-width: 960px) 100vw, 960px\" \/><\/a><\/p>\n<p><a href=\"https:\/\/www.senadojcimexico.org\/portal\/wp-content\/uploads\/2021\/01\/IMG_3516-scaled.jpg\"><img loading=\"lazy\" decoding=\"async\" class=\"aligncenter size-full wp-image-3266\" src=\"https:\/\/www.senadojcimexico.org\/portal\/wp-content\/uploads\/2021\/01\/IMG_3516-scaled.jpg\" alt=\"\" width=\"2560\" height=\"1920\" srcset=\"https:\/\/www.senadojcimexico.org\/portal\/wp-content\/uploads\/2021\/01\/IMG_3516-scaled.jpg 2560w, https:\/\/www.senadojcimexico.org\/portal\/wp-content\/uploads\/2021\/01\/IMG_3516-300x225.jpg 300w, https:\/\/www.senadojcimexico.org\/portal\/wp-content\/uploads\/2021\/01\/IMG_3516-1024x768.jpg 1024w, https:\/\/www.senadojcimexico.org\/portal\/wp-content\/uploads\/2021\/01\/IMG_3516-768x576.jpg 768w, https:\/\/www.senadojcimexico.org\/portal\/wp-content\/uploads\/2021\/01\/IMG_3516-1536x1152.jpg 1536w, https:\/\/www.senadojcimexico.org\/portal\/wp-content\/uploads\/2021\/01\/IMG_3516-2048x1536.jpg 2048w\" sizes=\"auto, (max-width: 2560px) 100vw, 2560px\" \/><\/a><a href=\"https:\/\/www.senadojcimexico.org\/portal\/wp-content\/uploads\/2021\/01\/Esquela-Francisco-Loza-Hdez22.png\">El Senador JCI No. 78220, Francisco Loza Hern\u00e1ndez, recibi\u00f3 la Senadur\u00eda en la XXXIV Convenci\u00f3n Nacional del Senado JCI M\u00e9xico, en Acapulco Guerrero, en octubre de 2019, estando como testigos por parte de ASAC, la Vicepresidenta Joy C. Brathwaite y el Director para M\u00e9xico, Centroam\u00e9rica y el Caribe de habla hispana V\u00edctor Garc\u00eda Cab\u00e1n, as\u00ed como la Presidenta Nacional 2019, Senadora Magda Tar\u00edn de Mendoza.&nbsp;<\/a><\/p>\n","protected":false},"excerpt":{"rendered":"<p>El Senador JCI No. 78220, Francisco Loza Hern\u00e1ndez, recibi\u00f3 la Senadur\u00eda en la XXXIV Convenci\u00f3n Nacional del Senado JCI M\u00e9xico, en Acapulco Guerrero, en octubre de 2019, estando como testigos por parte de ASAC, la Vicepresidenta Joy C. Brathwaite y el Director para M\u00e9xico, Centroam\u00e9rica y el Caribe de habla hispana V\u00edctor Garc\u00eda Cab\u00e1n, as\u00ed &hellip; <\/p>\n<p><a class=\"more-link btn\" href=\"https:\/\/www.senadojcimexico.org\/portal\/descanse-en-paz-francisco-loza-hernandez\/\">Seguir leyendo<\/a><\/p>\n","protected":false},"author":1,"featured_media":3272,"comment_status":"closed","ping_status":"open","sticky":false,"template":"","format":"standard","meta":{"ngg_post_thumbnail":0,"footnotes":""},"categories":[9],"tags":[],"class_list":["post-3258","post","type-post","status-publish","format-standard","has-post-thumbnail","hentry","category-general","item-wrap"],"_links":{"self":[{"href":"https:\/\/www.senadojcimexico.org\/portal\/wp-json\/wp\/v2\/posts\/3258","targetHints":{"allow":["GET"]}}],"collection":[{"href":"https:\/\/www.senadojcimexico.org\/portal\/wp-json\/wp\/v2\/posts"}],"about":[{"href":"https:\/\/www.senadojcimexico.org\/portal\/wp-json\/wp\/v2\/types\/post"}],"author":[{"embeddable":true,"href":"https:\/\/www.senadojcimexico.org\/portal\/wp-json\/wp\/v2\/users\/1"}],"replies":[{"embeddable":true,"href":"https:\/\/www.senadojcimexico.org\/portal\/wp-json\/wp\/v2\/comments?post=3258"}],"version-history":[{"count":13,"href":"https:\/\/www.senadojcimexico.org\/portal\/wp-json\/wp\/v2\/posts\/3258\/revisions"}],"predecessor-version":[{"id":7641,"href":"https:\/\/www.senadojcimexico.org\/portal\/wp-json\/wp\/v2\/posts\/3258\/revisions\/7641"}],"wp:featuredmedia":[{"embeddable":true,"href":"https:\/\/www.senadojcimexico.org\/portal\/wp-json\/wp\/v2\/media\/3272"}],"wp:attachment":[{"href":"https:\/\/www.senadojcimexico.org\/portal\/wp-json\/wp\/v2\/media?parent=3258"}],"wp:term":[{"taxonomy":"category","embeddable":true,"href":"https:\/\/www.senadojcimexico.org\/portal\/wp-json\/wp\/v2\/categories?post=3258"},{"taxonomy":"post_tag","embeddable":true,"href":"https:\/\/www.senadojcimexico.org\/portal\/wp-json\/wp\/v2\/tags?post=3258"}],"curies":[{"name":"wp","href":"https:\/\/api.w.org\/{rel}","templated":true}]}}