{"id":3124,"date":"2020-10-08T20:16:31","date_gmt":"2020-10-09T01:16:31","guid":{"rendered":"https:\/\/www.senadojcimexico.org\/portal\/?p=3124"},"modified":"2024-12-10T11:06:41","modified_gmt":"2024-12-10T17:06:41","slug":"reunion-del-senado-verde-de-asac","status":"publish","type":"post","link":"https:\/\/www.senadojcimexico.org\/portal\/reunion-del-senado-verde-de-asac\/","title":{"rendered":"Reuni\u00f3n del Senado Verde de ASAC"},"content":{"rendered":"<p style=\"text-align: justify;\"><a href=\"https:\/\/www.senadojcimexico.org\/portal\/wp-content\/uploads\/2020\/10\/SenadoVerdeF2.png\"><img loading=\"lazy\" decoding=\"async\" class=\"aligncenter size-full wp-image-3125\" src=\"https:\/\/www.senadojcimexico.org\/portal\/wp-content\/uploads\/2020\/10\/SenadoVerdeF2.png\" alt=\"\" width=\"1280\" height=\"720\" srcset=\"https:\/\/www.senadojcimexico.org\/portal\/wp-content\/uploads\/2020\/10\/SenadoVerdeF2.png 1280w, https:\/\/www.senadojcimexico.org\/portal\/wp-content\/uploads\/2020\/10\/SenadoVerdeF2-300x169.png 300w, https:\/\/www.senadojcimexico.org\/portal\/wp-content\/uploads\/2020\/10\/SenadoVerdeF2-1024x576.png 1024w, https:\/\/www.senadojcimexico.org\/portal\/wp-content\/uploads\/2020\/10\/SenadoVerdeF2-768x432.png 768w\" sizes=\"auto, (max-width: 1280px) 100vw, 1280px\" \/><\/a><span data-offset-key=\"81ems-0-0\">Excelente<\/span><span data-offset-key=\"81ems-1-0\"> reuni\u00f3n organizada por la directora del Senado Verde de ASAC, Geovanna Kon, con los expositores Juan Pablo \u00c1lvarez de Bolivia; Jorge Luis M\u00f3rtola de Ecuador; Esther Valdez de&nbsp; M\u00e9xico; Augusto Lanao de Per\u00fa; Abdiel Sanjur de Panam\u00e1 y Daniel Moreno de Colombia.<\/span><\/p>\n<p style=\"text-align: justify;\">Se habl\u00f3 del significado ancestral del concepto de la madre tierra; de la responsabilidad de las personas con el medio ambiente; de los objetivos de desarrollo sustentable de la ONU; del reciclaje; de la gran cantidad de desperdicios que se generan en el planeta; y del papel de los gobiernos en la protecci\u00f3n del medio ambiente, a trav\u00e9s de leyes, programas y acciones.<\/p>\n<p><span data-offset-key=\"81ems-1-0\">Felicitaciones a nuestra directora del Senado Verde, Esther Valdez, por su brillante exposici\u00f3n.<br \/>\n<\/span><\/p>\n","protected":false},"excerpt":{"rendered":"<p>Excelente reuni\u00f3n organizada por la directora del Senado Verde de ASAC, Geovanna Kon, con los expositores Juan Pablo \u00c1lvarez de Bolivia; Jorge Luis M\u00f3rtola de Ecuador; Esther Valdez de&nbsp; M\u00e9xico; Augusto Lanao de Per\u00fa; Abdiel Sanjur de Panam\u00e1 y Daniel Moreno de Colombia. Se habl\u00f3 del significado ancestral del concepto de la madre tierra; de &hellip; <\/p>\n<p><a class=\"more-link btn\" href=\"https:\/\/www.senadojcimexico.org\/portal\/reunion-del-senado-verde-de-asac\/\">Seguir leyendo<\/a><\/p>\n","protected":false},"author":1,"featured_media":3125,"comment_status":"closed","ping_status":"open","sticky":false,"template":"","format":"standard","meta":{"ngg_post_thumbnail":0,"footnotes":""},"categories":[9],"tags":[],"class_list":["post-3124","post","type-post","status-publish","format-standard","has-post-thumbnail","hentry","category-general","item-wrap"],"_links":{"self":[{"href":"https:\/\/www.senadojcimexico.org\/portal\/wp-json\/wp\/v2\/posts\/3124","targetHints":{"allow":["GET"]}}],"collection":[{"href":"https:\/\/www.senadojcimexico.org\/portal\/wp-json\/wp\/v2\/posts"}],"about":[{"href":"https:\/\/www.senadojcimexico.org\/portal\/wp-json\/wp\/v2\/types\/post"}],"author":[{"embeddable":true,"href":"https:\/\/www.senadojcimexico.org\/portal\/wp-json\/wp\/v2\/users\/1"}],"replies":[{"embeddable":true,"href":"https:\/\/www.senadojcimexico.org\/portal\/wp-json\/wp\/v2\/comments?post=3124"}],"version-history":[{"count":6,"href":"https:\/\/www.senadojcimexico.org\/portal\/wp-json\/wp\/v2\/posts\/3124\/revisions"}],"predecessor-version":[{"id":7635,"href":"https:\/\/www.senadojcimexico.org\/portal\/wp-json\/wp\/v2\/posts\/3124\/revisions\/7635"}],"wp:featuredmedia":[{"embeddable":true,"href":"https:\/\/www.senadojcimexico.org\/portal\/wp-json\/wp\/v2\/media\/3125"}],"wp:attachment":[{"href":"https:\/\/www.senadojcimexico.org\/portal\/wp-json\/wp\/v2\/media?parent=3124"}],"wp:term":[{"taxonomy":"category","embeddable":true,"href":"https:\/\/www.senadojcimexico.org\/portal\/wp-json\/wp\/v2\/categories?post=3124"},{"taxonomy":"post_tag","embeddable":true,"href":"https:\/\/www.senadojcimexico.org\/portal\/wp-json\/wp\/v2\/tags?post=3124"}],"curies":[{"name":"wp","href":"https:\/\/api.w.org\/{rel}","templated":true}]}}