{"id":3120,"date":"2020-10-08T20:05:13","date_gmt":"2020-10-09T01:05:13","guid":{"rendered":"https:\/\/www.senadojcimexico.org\/portal\/?p=3120"},"modified":"2024-12-10T11:06:41","modified_gmt":"2024-12-10T17:06:41","slug":"reunion-de-presidentes-de-senados-jci-america-y-caribe","status":"publish","type":"post","link":"https:\/\/www.senadojcimexico.org\/portal\/reunion-de-presidentes-de-senados-jci-america-y-caribe\/","title":{"rendered":"Reuni\u00f3n de Senados JCI de las Am\u00e9ricas y el Caribe"},"content":{"rendered":"<p style=\"text-align: justify;\"><a href=\"https:\/\/www.senadojcimexico.org\/portal\/wp-content\/uploads\/2020\/10\/Presidentes-Senados-12-Sep.png\"><img loading=\"lazy\" decoding=\"async\" class=\"aligncenter size-full wp-image-3121\" src=\"https:\/\/www.senadojcimexico.org\/portal\/wp-content\/uploads\/2020\/10\/Presidentes-Senados-12-Sep.png\" alt=\"\" width=\"1280\" height=\"720\" srcset=\"https:\/\/www.senadojcimexico.org\/portal\/wp-content\/uploads\/2020\/10\/Presidentes-Senados-12-Sep.png 1280w, https:\/\/www.senadojcimexico.org\/portal\/wp-content\/uploads\/2020\/10\/Presidentes-Senados-12-Sep-300x169.png 300w, https:\/\/www.senadojcimexico.org\/portal\/wp-content\/uploads\/2020\/10\/Presidentes-Senados-12-Sep-1024x576.png 1024w, https:\/\/www.senadojcimexico.org\/portal\/wp-content\/uploads\/2020\/10\/Presidentes-Senados-12-Sep-768x432.png 768w\" sizes=\"auto, (max-width: 1280px) 100vw, 1280px\" \/><\/a>El presidente de ASAC, Rafael Taveras, presidi\u00f3 la reuni\u00f3n de Senados JCI de las Am\u00e9ricas y el Caribe que se llev\u00f3 a cabo el 12 de septiembre, con una gran asistencia de Presidentes y Secretarios de organizaciones nacionales de senadores miembros; de senadores JCI invitados, entre los que se encontraba el director del Senado de la JCI Earl Sawyer; as\u00ed como de los directivos de ASAC.<\/p>\n<p style=\"text-align: justify;\">En la reuni\u00f3n se presentaron los Informes Anuales 2019-2020 de los Senados JCI, a cargo de los presidentes o sus representantes; se hizo la invitaci\u00f3n para conmemorar el d\u00eda Internacional del Senador el 14 de septiembre; y se present\u00f3 el relanzamiento de dos programas de ASAC: Red de Negocios y Senado Verde.<\/p>\n<p style=\"text-align: justify;\">Nuestro presidente Jos\u00e9 Ar\u00e9chiga, present\u00f3 un detallado informe anual que inclu\u00eda actividades desde la gesti\u00f3n anterior del senador Francisco L\u00f3pez en 2019, hasta el presente a\u00f1o.<\/p>\n","protected":false},"excerpt":{"rendered":"<p>El presidente de ASAC, Rafael Taveras, presidi\u00f3 la reuni\u00f3n de Senados JCI de las Am\u00e9ricas y el Caribe que se llev\u00f3 a cabo el 12 de septiembre, con una gran asistencia de Presidentes y Secretarios de organizaciones nacionales de senadores miembros; de senadores JCI invitados, entre los que se encontraba el director del Senado de &hellip; <\/p>\n<p><a class=\"more-link btn\" href=\"https:\/\/www.senadojcimexico.org\/portal\/reunion-de-presidentes-de-senados-jci-america-y-caribe\/\">Seguir leyendo<\/a><\/p>\n","protected":false},"author":1,"featured_media":3121,"comment_status":"closed","ping_status":"open","sticky":false,"template":"","format":"standard","meta":{"ngg_post_thumbnail":0,"footnotes":""},"categories":[9],"tags":[],"class_list":["post-3120","post","type-post","status-publish","format-standard","has-post-thumbnail","hentry","category-general","item-wrap"],"_links":{"self":[{"href":"https:\/\/www.senadojcimexico.org\/portal\/wp-json\/wp\/v2\/posts\/3120","targetHints":{"allow":["GET"]}}],"collection":[{"href":"https:\/\/www.senadojcimexico.org\/portal\/wp-json\/wp\/v2\/posts"}],"about":[{"href":"https:\/\/www.senadojcimexico.org\/portal\/wp-json\/wp\/v2\/types\/post"}],"author":[{"embeddable":true,"href":"https:\/\/www.senadojcimexico.org\/portal\/wp-json\/wp\/v2\/users\/1"}],"replies":[{"embeddable":true,"href":"https:\/\/www.senadojcimexico.org\/portal\/wp-json\/wp\/v2\/comments?post=3120"}],"version-history":[{"count":5,"href":"https:\/\/www.senadojcimexico.org\/portal\/wp-json\/wp\/v2\/posts\/3120\/revisions"}],"predecessor-version":[{"id":7633,"href":"https:\/\/www.senadojcimexico.org\/portal\/wp-json\/wp\/v2\/posts\/3120\/revisions\/7633"}],"wp:featuredmedia":[{"embeddable":true,"href":"https:\/\/www.senadojcimexico.org\/portal\/wp-json\/wp\/v2\/media\/3121"}],"wp:attachment":[{"href":"https:\/\/www.senadojcimexico.org\/portal\/wp-json\/wp\/v2\/media?parent=3120"}],"wp:term":[{"taxonomy":"category","embeddable":true,"href":"https:\/\/www.senadojcimexico.org\/portal\/wp-json\/wp\/v2\/categories?post=3120"},{"taxonomy":"post_tag","embeddable":true,"href":"https:\/\/www.senadojcimexico.org\/portal\/wp-json\/wp\/v2\/tags?post=3120"}],"curies":[{"name":"wp","href":"https:\/\/api.w.org\/{rel}","templated":true}]}}