{"id":3101,"date":"2020-09-08T13:12:46","date_gmt":"2020-09-08T18:12:46","guid":{"rendered":"https:\/\/www.senadojcimexico.org\/portal\/?p=3101"},"modified":"2024-12-10T11:06:41","modified_gmt":"2024-12-10T17:06:41","slug":"reunion-de-senados-jci-de-mexico-centroamerica-y-caribe-de-habla-hispana","status":"publish","type":"post","link":"https:\/\/www.senadojcimexico.org\/portal\/reunion-de-senados-jci-de-mexico-centroamerica-y-caribe-de-habla-hispana\/","title":{"rendered":"Reuni\u00f3n de Senados JCI de M\u00e9xico Centroam\u00e9rica y Caribe de habla hispana"},"content":{"rendered":"<p style=\"text-align: justify;\"><a href=\"https:\/\/www.senadojcimexico.org\/portal\/wp-content\/uploads\/2020\/09\/senadosMCACH33.png\"><img loading=\"lazy\" decoding=\"async\" class=\"aligncenter size-full wp-image-3102\" src=\"https:\/\/www.senadojcimexico.org\/portal\/wp-content\/uploads\/2020\/09\/senadosMCACH33.png\" alt=\"\" width=\"1280\" height=\"720\" srcset=\"https:\/\/www.senadojcimexico.org\/portal\/wp-content\/uploads\/2020\/09\/senadosMCACH33.png 1280w, https:\/\/www.senadojcimexico.org\/portal\/wp-content\/uploads\/2020\/09\/senadosMCACH33-300x169.png 300w, https:\/\/www.senadojcimexico.org\/portal\/wp-content\/uploads\/2020\/09\/senadosMCACH33-1024x576.png 1024w, https:\/\/www.senadojcimexico.org\/portal\/wp-content\/uploads\/2020\/09\/senadosMCACH33-768x432.png 768w\" sizes=\"auto, (max-width: 1280px) 100vw, 1280px\" \/><\/a><span data-offset-key=\"6negg-0-0\">Excelente reuni\u00f3n de los Senados JCI miembros de ASAC de la regi\u00f3n de M\u00e9xico, Centroam\u00e9rica y el Caribe de habla hispana, organizada por el Director del \u00e1rea V\u00edctor Pucho Garc\u00eda, con asistencia de los Presidentes M\u00e9xico Jos\u00e9 Ar\u00e9chiga, de Guatemala, Leonel Quezada, de Honduras Joel Reyes, de Panam\u00e1 Abdiel Sanjur, de Rep\u00fablica Dominicana Elizabeth Mart\u00ednez, y de Puerto Rico Jorge Iki Torres; as\u00ed como los secretarios de Honduras Johanna Maxell, de Puerto Rico Rosa Santana y de M\u00e9xico Blas Barrios.<\/span><\/p>\n<p style=\"text-align: justify;\"><span data-offset-key=\"6negg-0-0\">Como invitados especiales de ASAC, el Presidente Rafael Taveras, el Secretario General Alex Mej\u00eda y los pasados presidentes Marita Gonz\u00e1lez, Carmen Torres, Iris Archibold, Johnny Pe\u00f1a, Manuel Pineda y Joaqu\u00edn Mart\u00ednez.<\/span><\/p>\n<p style=\"text-align: justify;\">Dentro de los principales acuerdos, destaca la decisi\u00f3n un\u00e1nime de todos los Senados JCI presentes en la reuni\u00f3n, de mantener sin cambios el nombre de la Asociaci\u00f3n de Senadores JCI de las Am\u00e9ricas y el Caribe (ASAC) por considerar que esta decisi\u00f3n contribuye a la unidad de todos los miembros que pudieron sentirse afectados con el cambio y reafirma la multicultularidad de la asociaci\u00f3n.<\/p>\n","protected":false},"excerpt":{"rendered":"<p>Excelente reuni\u00f3n de los Senados JCI miembros de ASAC de la regi\u00f3n de M\u00e9xico, Centroam\u00e9rica y el Caribe de habla hispana, organizada por el Director del \u00e1rea V\u00edctor Pucho Garc\u00eda, con asistencia de los Presidentes M\u00e9xico Jos\u00e9 Ar\u00e9chiga, de Guatemala, Leonel Quezada, de Honduras Joel Reyes, de Panam\u00e1 Abdiel Sanjur, de Rep\u00fablica Dominicana Elizabeth Mart\u00ednez, &hellip; <\/p>\n<p><a class=\"more-link btn\" href=\"https:\/\/www.senadojcimexico.org\/portal\/reunion-de-senados-jci-de-mexico-centroamerica-y-caribe-de-habla-hispana\/\">Seguir leyendo<\/a><\/p>\n","protected":false},"author":1,"featured_media":3102,"comment_status":"closed","ping_status":"open","sticky":false,"template":"","format":"standard","meta":{"ngg_post_thumbnail":0,"footnotes":""},"categories":[9],"tags":[],"class_list":["post-3101","post","type-post","status-publish","format-standard","has-post-thumbnail","hentry","category-general","item-wrap"],"_links":{"self":[{"href":"https:\/\/www.senadojcimexico.org\/portal\/wp-json\/wp\/v2\/posts\/3101","targetHints":{"allow":["GET"]}}],"collection":[{"href":"https:\/\/www.senadojcimexico.org\/portal\/wp-json\/wp\/v2\/posts"}],"about":[{"href":"https:\/\/www.senadojcimexico.org\/portal\/wp-json\/wp\/v2\/types\/post"}],"author":[{"embeddable":true,"href":"https:\/\/www.senadojcimexico.org\/portal\/wp-json\/wp\/v2\/users\/1"}],"replies":[{"embeddable":true,"href":"https:\/\/www.senadojcimexico.org\/portal\/wp-json\/wp\/v2\/comments?post=3101"}],"version-history":[{"count":6,"href":"https:\/\/www.senadojcimexico.org\/portal\/wp-json\/wp\/v2\/posts\/3101\/revisions"}],"predecessor-version":[{"id":7629,"href":"https:\/\/www.senadojcimexico.org\/portal\/wp-json\/wp\/v2\/posts\/3101\/revisions\/7629"}],"wp:featuredmedia":[{"embeddable":true,"href":"https:\/\/www.senadojcimexico.org\/portal\/wp-json\/wp\/v2\/media\/3102"}],"wp:attachment":[{"href":"https:\/\/www.senadojcimexico.org\/portal\/wp-json\/wp\/v2\/media?parent=3101"}],"wp:term":[{"taxonomy":"category","embeddable":true,"href":"https:\/\/www.senadojcimexico.org\/portal\/wp-json\/wp\/v2\/categories?post=3101"},{"taxonomy":"post_tag","embeddable":true,"href":"https:\/\/www.senadojcimexico.org\/portal\/wp-json\/wp\/v2\/tags?post=3101"}],"curies":[{"name":"wp","href":"https:\/\/api.w.org\/{rel}","templated":true}]}}