{"id":3095,"date":"2020-08-24T15:37:18","date_gmt":"2020-08-24T20:37:18","guid":{"rendered":"https:\/\/www.senadojcimexico.org\/portal\/?p=3095"},"modified":"2024-12-10T11:06:41","modified_gmt":"2024-12-10T17:06:41","slug":"conferencia-edson-kodama-pasado-sg-jci","status":"publish","type":"post","link":"https:\/\/www.senadojcimexico.org\/portal\/conferencia-edson-kodama-pasado-sg-jci\/","title":{"rendered":"Conferencia Edson Kodama, pasado SG JCI"},"content":{"rendered":"<p style=\"text-align: justify;\"><a href=\"https:\/\/www.senadojcimexico.org\/portal\/wp-content\/uploads\/2020\/08\/Flyer-EAK-v3_OK.png\"><img loading=\"lazy\" decoding=\"async\" class=\"aligncenter size-full wp-image-3096\" src=\"https:\/\/www.senadojcimexico.org\/portal\/wp-content\/uploads\/2020\/08\/Flyer-EAK-v3_OK.png\" alt=\"\" width=\"786\" height=\"720\" srcset=\"https:\/\/www.senadojcimexico.org\/portal\/wp-content\/uploads\/2020\/08\/Flyer-EAK-v3_OK.png 786w, https:\/\/www.senadojcimexico.org\/portal\/wp-content\/uploads\/2020\/08\/Flyer-EAK-v3_OK-300x275.png 300w, https:\/\/www.senadojcimexico.org\/portal\/wp-content\/uploads\/2020\/08\/Flyer-EAK-v3_OK-768x704.png 768w\" sizes=\"auto, (max-width: 786px) 100vw, 786px\" \/>La conferencia del Senador JCI Edson Kodama, pasado Secretario General JCI, organizada por el Senado JCI M\u00e9xico y celebrada el pasado 15 de agosto, tuvo como invitados especiales, al presidente y al secretario general de ASAC, Rafael Taveras y Alex Mej\u00eda; a presidentes y secretarios de Senados JCI de diferentes pa\u00edses de las Am\u00e9ricas y el Caribe; al presidente nacional de JCI M\u00e9xico, Lic. Emmanuel L\u00f3pez Chagoya y&nbsp; a presidentes y miembros de organizaciones locales JCI de todo el continente. <\/a>La sesi\u00f3n fue abierta para senadores y miembros activos de JCI y result\u00f3 un gran \u00e9xito, con asistencia de 143 participantes,<\/p>\n<p>La inauguraci\u00f3n y bienvenida estuvo a cargo de nuestro presidente nacional del Senado, Jos\u00e9 Ar\u00e9chiga; hubo mensajes del presidente de ASAC y del presidente nacional de JCI M\u00e9xico; y la clausura y cierre la realiz\u00f3 nuestro secretario general Blas Barrios.<\/p>\n","protected":false},"excerpt":{"rendered":"<p>La conferencia del Senador JCI Edson Kodama, pasado Secretario General JCI, organizada por el Senado JCI M\u00e9xico y celebrada el pasado 15 de agosto, tuvo como invitados especiales, al presidente y al secretario general de ASAC, Rafael Taveras y Alex Mej\u00eda; a presidentes y secretarios de Senados JCI de diferentes pa\u00edses de las Am\u00e9ricas y &hellip; <\/p>\n<p><a class=\"more-link btn\" href=\"https:\/\/www.senadojcimexico.org\/portal\/conferencia-edson-kodama-pasado-sg-jci\/\">Seguir leyendo<\/a><\/p>\n","protected":false},"author":1,"featured_media":3096,"comment_status":"closed","ping_status":"open","sticky":false,"template":"","format":"standard","meta":{"ngg_post_thumbnail":0,"footnotes":""},"categories":[9],"tags":[],"class_list":["post-3095","post","type-post","status-publish","format-standard","has-post-thumbnail","hentry","category-general","item-wrap"],"_links":{"self":[{"href":"https:\/\/www.senadojcimexico.org\/portal\/wp-json\/wp\/v2\/posts\/3095","targetHints":{"allow":["GET"]}}],"collection":[{"href":"https:\/\/www.senadojcimexico.org\/portal\/wp-json\/wp\/v2\/posts"}],"about":[{"href":"https:\/\/www.senadojcimexico.org\/portal\/wp-json\/wp\/v2\/types\/post"}],"author":[{"embeddable":true,"href":"https:\/\/www.senadojcimexico.org\/portal\/wp-json\/wp\/v2\/users\/1"}],"replies":[{"embeddable":true,"href":"https:\/\/www.senadojcimexico.org\/portal\/wp-json\/wp\/v2\/comments?post=3095"}],"version-history":[{"count":6,"href":"https:\/\/www.senadojcimexico.org\/portal\/wp-json\/wp\/v2\/posts\/3095\/revisions"}],"predecessor-version":[{"id":7627,"href":"https:\/\/www.senadojcimexico.org\/portal\/wp-json\/wp\/v2\/posts\/3095\/revisions\/7627"}],"wp:featuredmedia":[{"embeddable":true,"href":"https:\/\/www.senadojcimexico.org\/portal\/wp-json\/wp\/v2\/media\/3096"}],"wp:attachment":[{"href":"https:\/\/www.senadojcimexico.org\/portal\/wp-json\/wp\/v2\/media?parent=3095"}],"wp:term":[{"taxonomy":"category","embeddable":true,"href":"https:\/\/www.senadojcimexico.org\/portal\/wp-json\/wp\/v2\/categories?post=3095"},{"taxonomy":"post_tag","embeddable":true,"href":"https:\/\/www.senadojcimexico.org\/portal\/wp-json\/wp\/v2\/tags?post=3095"}],"curies":[{"name":"wp","href":"https:\/\/api.w.org\/{rel}","templated":true}]}}