{"id":3080,"date":"2020-07-12T20:03:22","date_gmt":"2020-07-13T01:03:22","guid":{"rendered":"https:\/\/www.senadojcimexico.org\/portal\/?p=3080"},"modified":"2024-12-10T11:06:41","modified_gmt":"2024-12-10T17:06:41","slug":"sesion-solemne-77-aniversario-de-jci-ciudad-de-mexico","status":"publish","type":"post","link":"https:\/\/www.senadojcimexico.org\/portal\/sesion-solemne-77-aniversario-de-jci-ciudad-de-mexico\/","title":{"rendered":"Sesi\u00f3n solemne 77 aniversario de JCI Ciudad de M\u00e9xico"},"content":{"rendered":"<p style=\"text-align: justify;\"><a href=\"https:\/\/www.senadojcimexico.org\/portal\/wp-content\/uploads\/2020\/07\/JCI-CDMX-v1.png\"><img loading=\"lazy\" decoding=\"async\" class=\"aligncenter size-full wp-image-3081\" src=\"https:\/\/www.senadojcimexico.org\/portal\/wp-content\/uploads\/2020\/07\/JCI-CDMX-v1.png\" alt=\"\" width=\"1280\" height=\"720\" srcset=\"https:\/\/www.senadojcimexico.org\/portal\/wp-content\/uploads\/2020\/07\/JCI-CDMX-v1.png 1280w, https:\/\/www.senadojcimexico.org\/portal\/wp-content\/uploads\/2020\/07\/JCI-CDMX-v1-300x169.png 300w, https:\/\/www.senadojcimexico.org\/portal\/wp-content\/uploads\/2020\/07\/JCI-CDMX-v1-1024x576.png 1024w, https:\/\/www.senadojcimexico.org\/portal\/wp-content\/uploads\/2020\/07\/JCI-CDMX-v1-768x432.png 768w\" sizes=\"auto, (max-width: 1280px) 100vw, 1280px\" \/>Sesi\u00f3n <\/a>solemne con motivo del 77 aniversario de la fundaci\u00f3n de la JCI en Ciudad de M\u00e9xico; homenaje a Ra\u00fal Garc\u00eda Vidal y Clausura del seminario \u00abRetos de las Juventudes para el Empoderamiento comunitario, evento organizado por JCI Ciudad de M\u00e9xico.<\/p>\n<p style=\"text-align: justify;\">El presidente de la organizaci\u00f3n local, Oscar Rodr\u00edguez y su equipo de trabajo hicieron un gran trabajo con la organizaci\u00f3n del seminario enfocado a coadyuvar con el desarrollo de los j\u00f3venes miembros de la JCI, as\u00ed como aquellos comprometidos en mejorar sus comunidades, que tuvo a excelentes ponentes nacionales e internacionales, especialistas en diversas tem\u00e1ticas, destacando el pasado secretario general de la JCI Edson Kodama; senadores JCI como Pedro Carta, Roberto Ayala y Edgar G\u00f3mez; y miembros de JCI como Dalia \u00c1lvarez y Oscar Carrasco, entre otros.<\/p>\n<p style=\"text-align: justify;\">Participaron en la sesi\u00f3n solemne, el presidente de ASAC Rafael Taveras y el secretario general Alex Mej\u00eda; el presidente de JCI M\u00e9xico Emmanuel L\u00f3pez Chagoya, la Secretaria General Karla Paola Aguilar y la VPE Diana Hern\u00e1ndez; el presidente y el secretario general del Senado JCI M\u00e9xico, Jos\u00e9 Ar\u00e9chiga y Blas Barrios; los pasados presidentes de ASAC, Ma. Carmen Torres y Joaqu\u00edn Mart\u00ednez; las pasadas presidentas del Senado JCI M\u00e9xico Magda Tarin y Ana Silvia Villegas; presidentes de organizaciones locales nacionales e internacionales, y un gran n\u00famero de senadores JCI de diversas partes de la rep\u00fablica y del extranjero.<\/p>\n<p>El senador JCI Vicente Yannini, hizo una remembranza de Ra\u00fal Garc\u00eda Vidal, como primer presidente de la JCI en 1944-1945 y su trayectoria junior\u00edstica, hasta el a\u00f1o en que le fue concedida la Senadur\u00eda JCI No. 27873 durante la conferencia JCI en la ciudad de Guatemala en 1980.<\/p>\n","protected":false},"excerpt":{"rendered":"<p>Sesi\u00f3n solemne con motivo del 77 aniversario de la fundaci\u00f3n de la JCI en Ciudad de M\u00e9xico; homenaje a Ra\u00fal Garc\u00eda Vidal y Clausura del seminario \u00abRetos de las Juventudes para el Empoderamiento comunitario, evento organizado por JCI Ciudad de M\u00e9xico. El presidente de la organizaci\u00f3n local, Oscar Rodr\u00edguez y su equipo de trabajo hicieron &hellip; <\/p>\n<p><a class=\"more-link btn\" href=\"https:\/\/www.senadojcimexico.org\/portal\/sesion-solemne-77-aniversario-de-jci-ciudad-de-mexico\/\">Seguir leyendo<\/a><\/p>\n","protected":false},"author":1,"featured_media":3081,"comment_status":"closed","ping_status":"open","sticky":false,"template":"","format":"standard","meta":{"ngg_post_thumbnail":0,"footnotes":""},"categories":[9],"tags":[],"class_list":["post-3080","post","type-post","status-publish","format-standard","has-post-thumbnail","hentry","category-general","item-wrap"],"_links":{"self":[{"href":"https:\/\/www.senadojcimexico.org\/portal\/wp-json\/wp\/v2\/posts\/3080","targetHints":{"allow":["GET"]}}],"collection":[{"href":"https:\/\/www.senadojcimexico.org\/portal\/wp-json\/wp\/v2\/posts"}],"about":[{"href":"https:\/\/www.senadojcimexico.org\/portal\/wp-json\/wp\/v2\/types\/post"}],"author":[{"embeddable":true,"href":"https:\/\/www.senadojcimexico.org\/portal\/wp-json\/wp\/v2\/users\/1"}],"replies":[{"embeddable":true,"href":"https:\/\/www.senadojcimexico.org\/portal\/wp-json\/wp\/v2\/comments?post=3080"}],"version-history":[{"count":8,"href":"https:\/\/www.senadojcimexico.org\/portal\/wp-json\/wp\/v2\/posts\/3080\/revisions"}],"predecessor-version":[{"id":7625,"href":"https:\/\/www.senadojcimexico.org\/portal\/wp-json\/wp\/v2\/posts\/3080\/revisions\/7625"}],"wp:featuredmedia":[{"embeddable":true,"href":"https:\/\/www.senadojcimexico.org\/portal\/wp-json\/wp\/v2\/media\/3081"}],"wp:attachment":[{"href":"https:\/\/www.senadojcimexico.org\/portal\/wp-json\/wp\/v2\/media?parent=3080"}],"wp:term":[{"taxonomy":"category","embeddable":true,"href":"https:\/\/www.senadojcimexico.org\/portal\/wp-json\/wp\/v2\/categories?post=3080"},{"taxonomy":"post_tag","embeddable":true,"href":"https:\/\/www.senadojcimexico.org\/portal\/wp-json\/wp\/v2\/tags?post=3080"}],"curies":[{"name":"wp","href":"https:\/\/api.w.org\/{rel}","templated":true}]}}