{"id":3062,"date":"2020-06-30T18:21:55","date_gmt":"2020-06-30T23:21:55","guid":{"rendered":"https:\/\/www.senadojcimexico.org\/portal\/?p=3062"},"modified":"2024-12-10T11:06:41","modified_gmt":"2024-12-10T17:06:41","slug":"homenaje-a-la-senadora-jci-magda-tarin-de-mendoza","status":"publish","type":"post","link":"https:\/\/www.senadojcimexico.org\/portal\/homenaje-a-la-senadora-jci-magda-tarin-de-mendoza\/","title":{"rendered":"Homenaje a la Senadora JCI Magda Tarin de Mendoza"},"content":{"rendered":"<p style=\"text-align: justify;\"><a href=\"https:\/\/www.senadojcimexico.org\/portal\/wp-content\/uploads\/2020\/06\/Homenaje-Magda-Tarin.png\"><img loading=\"lazy\" decoding=\"async\" class=\"aligncenter size-full wp-image-3063\" src=\"https:\/\/www.senadojcimexico.org\/portal\/wp-content\/uploads\/2020\/06\/Homenaje-Magda-Tarin.png\" alt=\"\" width=\"1131\" height=\"681\" srcset=\"https:\/\/www.senadojcimexico.org\/portal\/wp-content\/uploads\/2020\/06\/Homenaje-Magda-Tarin.png 1131w, https:\/\/www.senadojcimexico.org\/portal\/wp-content\/uploads\/2020\/06\/Homenaje-Magda-Tarin-300x181.png 300w, https:\/\/www.senadojcimexico.org\/portal\/wp-content\/uploads\/2020\/06\/Homenaje-Magda-Tarin-1024x617.png 1024w, https:\/\/www.senadojcimexico.org\/portal\/wp-content\/uploads\/2020\/06\/Homenaje-Magda-Tarin-768x462.png 768w\" sizes=\"auto, (max-width: 1131px) 100vw, 1131px\" \/><\/a>Durante la reuni\u00f3n interc\u00e1maras zona centro de JCI M\u00e9xico, dirigida por <span id=\"fbPhotoSnowliftCaption\" class=\"fbPhotosPhotoCaption\" tabindex=\"0\" aria-live=\"polite\" data-ft=\"{&quot;tn&quot;:&quot;K&quot;}\"><span class=\"hasCaption\"><span class=\"text_exposed_show\"><a href=\"https:\/\/www.facebook.com\/almanely.soto?__tn__=%2CdK%2AF-R&amp;eid=ARD-S8ghAdYY7vp6z-3Cq9JgwqMmRNkmX_FHdsRQC8Lxuh1XaNw0EVvvp8kXwKdKxr5xPPbFAiKxYlRz\" data-hovercard=\"\/ajax\/hovercard\/user.php?id=100002155219971&amp;extragetparams=%7B%22__tn__%22%3A%22%2CdK%2AF-R%22%2C%22eid%22%3A%22ARD-S8ghAdYY7vp6z-3Cq9JgwqMmRNkmX_FHdsRQC8Lxuh1XaNw0EVvvp8kXwKdKxr5xPPbFAiKxYlRz%22%2C%22directed_target_id%22%3Anull%2C%22groups_location%22%3Anull%7D\" data-hovercard-prefer-more-content-show=\"1\">Alma Nely Soto<\/a><\/span><\/span><\/span>, se llev\u00f3 a cabo un merecido y muy emotivo homenaje a la Senadora JCI Magda Tarin de Mendoza, pasada Presidenta del Senado JCI M\u00e9xico, por su gran trayectoria junior\u00edstica, aporte a la JCI y entusiasmo dentro de la organizaci\u00f3n, primero como miembro de JCI Ensenada Femenil y posteriormente en el Senado JCI M\u00e9xico.<\/p>\n<p style=\"text-align: justify;\">La reuni\u00f3n interc\u00e1maras zona centro fue organizada por JCI Zacatl\u00e1n, que preside Caro Calder\u00f3n, la cual hizo<span id=\"fbPhotoSnowliftCaption\" class=\"fbPhotosPhotoCaption\" tabindex=\"0\" aria-live=\"polite\" data-ft=\"{&quot;tn&quot;:&quot;K&quot;}\"><span class=\"hasCaption\"> historia al ser la organizaci\u00f3n local que dirige el primer interc\u00e1maras en l\u00ednea en todo el pa\u00eds; cabe se\u00f1alar que este evento fue pensado para hacerse presencial pero derivado a la pandemia por el COVID-19 se tuvo que recurrir al us<span class=\"text_exposed_show\">o de la tecnolog\u00eda.<\/span><\/span><\/span><\/p>\n<p><span class=\"_5mfr\"><span class=\"_6qdm\">Estuvieron en el homenaje a la Senadora JCI Magda Tarin, el presidente del Senado JCI M\u00e9xico Prof. Jos\u00e9 Ar\u00e9chiga; el presidente de JCI M\u00e9xico Emmanuel L\u00f3pez Chagoya; el secretario general del Senado JCI M\u00e9xico Prof. Jos\u00e9 Blas Barrios Salas; presidentes y representantes de diversas organizaciones locales de JCI M\u00e9xico y senadores JCI.<\/span><\/span><\/p>\n<p><a href=\"https:\/\/www.senadojcimexico.org\/portal\/wp-content\/uploads\/2020\/06\/Homenaje-Magda-Tarin2.png\"><img loading=\"lazy\" decoding=\"async\" class=\"aligncenter size-full wp-image-3066\" src=\"https:\/\/www.senadojcimexico.org\/portal\/wp-content\/uploads\/2020\/06\/Homenaje-Magda-Tarin2.png\" alt=\"\" width=\"1156\" height=\"640\" srcset=\"https:\/\/www.senadojcimexico.org\/portal\/wp-content\/uploads\/2020\/06\/Homenaje-Magda-Tarin2.png 1156w, https:\/\/www.senadojcimexico.org\/portal\/wp-content\/uploads\/2020\/06\/Homenaje-Magda-Tarin2-300x166.png 300w, https:\/\/www.senadojcimexico.org\/portal\/wp-content\/uploads\/2020\/06\/Homenaje-Magda-Tarin2-1024x567.png 1024w, https:\/\/www.senadojcimexico.org\/portal\/wp-content\/uploads\/2020\/06\/Homenaje-Magda-Tarin2-768x425.png 768w\" sizes=\"auto, (max-width: 1156px) 100vw, 1156px\" \/><\/a><a href=\"https:\/\/www.senadojcimexico.org\/portal\/wp-content\/uploads\/2020\/06\/Interc\u00e1maras-zona-centro.jpg\"><img loading=\"lazy\" decoding=\"async\" class=\"aligncenter size-full wp-image-3067\" src=\"https:\/\/www.senadojcimexico.org\/portal\/wp-content\/uploads\/2020\/06\/Interc\u00e1maras-zona-centro.jpg\" alt=\"\" width=\"720\" height=\"960\" srcset=\"https:\/\/www.senadojcimexico.org\/portal\/wp-content\/uploads\/2020\/06\/Interc\u00e1maras-zona-centro.jpg 720w, https:\/\/www.senadojcimexico.org\/portal\/wp-content\/uploads\/2020\/06\/Interc\u00e1maras-zona-centro-225x300.jpg 225w\" sizes=\"auto, (max-width: 720px) 100vw, 720px\" \/><\/a><\/p>\n","protected":false},"excerpt":{"rendered":"<p>Durante la reuni\u00f3n interc\u00e1maras zona centro de JCI M\u00e9xico, dirigida por Alma Nely Soto, se llev\u00f3 a cabo un merecido y muy emotivo homenaje a la Senadora JCI Magda Tarin de Mendoza, pasada Presidenta del Senado JCI M\u00e9xico, por su gran trayectoria junior\u00edstica, aporte a la JCI y entusiasmo dentro de la organizaci\u00f3n, primero como &hellip; <\/p>\n<p><a class=\"more-link btn\" href=\"https:\/\/www.senadojcimexico.org\/portal\/homenaje-a-la-senadora-jci-magda-tarin-de-mendoza\/\">Seguir leyendo<\/a><\/p>\n","protected":false},"author":1,"featured_media":3063,"comment_status":"closed","ping_status":"open","sticky":false,"template":"","format":"standard","meta":{"ngg_post_thumbnail":0,"footnotes":""},"categories":[9],"tags":[],"class_list":["post-3062","post","type-post","status-publish","format-standard","has-post-thumbnail","hentry","category-general","item-wrap"],"_links":{"self":[{"href":"https:\/\/www.senadojcimexico.org\/portal\/wp-json\/wp\/v2\/posts\/3062","targetHints":{"allow":["GET"]}}],"collection":[{"href":"https:\/\/www.senadojcimexico.org\/portal\/wp-json\/wp\/v2\/posts"}],"about":[{"href":"https:\/\/www.senadojcimexico.org\/portal\/wp-json\/wp\/v2\/types\/post"}],"author":[{"embeddable":true,"href":"https:\/\/www.senadojcimexico.org\/portal\/wp-json\/wp\/v2\/users\/1"}],"replies":[{"embeddable":true,"href":"https:\/\/www.senadojcimexico.org\/portal\/wp-json\/wp\/v2\/comments?post=3062"}],"version-history":[{"count":7,"href":"https:\/\/www.senadojcimexico.org\/portal\/wp-json\/wp\/v2\/posts\/3062\/revisions"}],"predecessor-version":[{"id":7539,"href":"https:\/\/www.senadojcimexico.org\/portal\/wp-json\/wp\/v2\/posts\/3062\/revisions\/7539"}],"wp:featuredmedia":[{"embeddable":true,"href":"https:\/\/www.senadojcimexico.org\/portal\/wp-json\/wp\/v2\/media\/3063"}],"wp:attachment":[{"href":"https:\/\/www.senadojcimexico.org\/portal\/wp-json\/wp\/v2\/media?parent=3062"}],"wp:term":[{"taxonomy":"category","embeddable":true,"href":"https:\/\/www.senadojcimexico.org\/portal\/wp-json\/wp\/v2\/categories?post=3062"},{"taxonomy":"post_tag","embeddable":true,"href":"https:\/\/www.senadojcimexico.org\/portal\/wp-json\/wp\/v2\/tags?post=3062"}],"curies":[{"name":"wp","href":"https:\/\/api.w.org\/{rel}","templated":true}]}}